{"id":2898,"date":"2024-09-13T23:25:38","date_gmt":"2024-09-14T05:25:38","guid":{"rendered":"https:\/\/veracruzanosexcepcionahles.com\/?p=2898"},"modified":"2024-09-13T23:25:38","modified_gmt":"2024-09-14T05:25:38","slug":"con-respeto-y-admiracion-rinde-veracruz-homenaje-a-los-ninos-heroes","status":"publish","type":"post","link":"https:\/\/veracruzanosexcepcionahles.com\/index.php\/2024\/09\/13\/con-respeto-y-admiracion-rinde-veracruz-homenaje-a-los-ninos-heroes\/","title":{"rendered":"Con respeto y admiraci\u00f3n, rinde Veracruz homenaje a los Ni\u00f1os H\u00e9roes"},"content":{"rendered":"<p dir=\"ltr\">*Conmemoran pueblo y Gobierno 177 a\u00f1os de la gesta en Chapultepec<\/p>\n<p>&nbsp;<\/p>\n<p dir=\"ltr\">Xalapa, Ver., 13 de septiembre de 2024.-\u00a0El gobernador Cuitl\u00e1huac Garc\u00eda Jim\u00e9nez encabez\u00f3 la ceremonia conmemorativa por el 177 aniversario de la Gesta Heroica de los Ni\u00f1os H\u00e9roes, donde autoridades de los tres \u00f3rdenes y Fuerzas Armadas rindieron homenaje a los cadetes que, en 1847, defendieron con valent\u00eda la soberan\u00eda nacional frente al ej\u00e9rcito estadounidense.<\/p>\n<p>&nbsp;<\/p>\n<p dir=\"ltr\">Se trata de uno de los episodios m\u00e1s emblem\u00e1ticos en la historia del pa\u00eds, cuando j\u00f3venes de entre 13 y 19 a\u00f1os de edad resguardaron el Castillo de Chapultepec, simbolizando el amor a la patria y el esp\u00edritu de lucha del pueblo de M\u00e9xico ante la adversidad. Su sacrificio contin\u00faa siendo ejemplo de patriotismo para las generaciones actuales.<\/p>\n<p>&nbsp;<\/p>\n<p dir=\"ltr\">Durante la ceremonia realizada en la 26\/a Zona Militar se escuch\u00f3 el pase de lista a Juan de la Barrera, Juan Escutia, Vicente Su\u00e1rez, Fernando Montes de Oca, Francisco M\u00e1rquez y Agust\u00edn Melgar, adem\u00e1s del teniente Jos\u00e9 Azueta y el cadete Virgilio Uribe, quienes defendieron a la Heroica Escuela Naval Militar en la segunda invasi\u00f3n norteamericana al puerto de Veracruz, el 21 de abril de 1914.<\/p>\n<p>&nbsp;<\/p>\n<p dir=\"ltr\">La poes\u00eda Fanfarria de los H\u00e9roes estuvo a cargo de Diego Mart\u00ednez Morgado, estudiante del telebachillerato El Lencero en representaci\u00f3n de la juventud que mantiene vivo este momento hist\u00f3rico. Despu\u00e9s tuvo lugar una salva de fusiler\u00eda, seguida del dep\u00f3sito de la ofrenda floral en el monumento dedicado a los cadetes, concluyendo con el Toque de Silencio, en un ambiente de respeto y profunda admiraci\u00f3n.<\/p>\n<p>&nbsp;<\/p>\n<p dir=\"ltr\">Estuvieron presentes los comandantes de la 26\/a Zona Militar, Armando L\u00f3pez Esquivel, y Tercera Regi\u00f3n Naval, Ra\u00fal P\u00e9rez V\u00e1squez; la presidenta del Tribunal Superior de Justicia, Lisbeth Aurelia Jim\u00e9nez Aguirre, la fiscal general del Estado, Ver\u00f3nica Hern\u00e1ndez Giad\u00e1ns, y el coordinador de la Guardia Nacional en la entidad, Vicente Dimayuga Canales.<\/p>\n<p>&nbsp;<\/p>\n<p dir=\"ltr\">Tambi\u00e9n los secretarios de Gobierno, Carlos Alberto Ju\u00e1rez Gil; Seguridad P\u00fablica, Cuauht\u00e9moc Z\u00fa\u00f1iga Bonilla; Protecci\u00f3n Civil, Guadalupe Osorno Maldonado, y Educaci\u00f3n, V\u00edctor Vargas Barrientos; as\u00ed como los presidentes municipales de Xalapa, Ricardo Ahued Bardahuil, y de Emiliano Zapata, Erick Ruiz Hern\u00e1ndez.<\/p>\n","protected":false},"excerpt":{"rendered":"<p>*Conmemoran pueblo y Gobierno 177 a\u00f1os de la gesta en Chapultepec &nbsp; Xalapa, Ver., 13 de septiembre de 2024.-\u00a0El gobernador Cuitl\u00e1huac Garc\u00eda Jim\u00e9nez encabez\u00f3 la ceremonia conmemorativa por el 177 aniversario de la Gesta Heroica de los Ni\u00f1os H\u00e9roes, donde autoridades de los tres \u00f3rdenes y Fuerzas Armadas rindieron homenaje a los cadetes que, en&#8230;<\/p>\n","protected":false},"author":2,"featured_media":2899,"comment_status":"closed","ping_status":"closed","sticky":false,"template":"","format":"standard","meta":{"_jetpack_memberships_contains_paid_content":false,"footnotes":"","jetpack_publicize_message":"","jetpack_publicize_feature_enabled":true,"jetpack_social_post_already_shared":true,"jetpack_social_options":{"image_generator_settings":{"template":"highway","default_image_id":0,"font":"","enabled":false},"version":2}},"categories":[2],"tags":[],"class_list":["post-2898","post","type-post","status-publish","format-standard","has-post-thumbnail","hentry","category-gobiernoestatal"],"jetpack_publicize_connections":[],"jetpack_featured_media_url":"https:\/\/veracruzanosexcepcionahles.com\/wp-content\/uploads\/2024\/09\/GESTA-HEORICA-NINOS-HEROES-9-scaled.jpeg","jetpack_sharing_enabled":true,"jetpack_likes_enabled":true,"jetpack_shortlink":"https:\/\/wp.me\/pe8dhK-KK","_links":{"self":[{"href":"https:\/\/veracruzanosexcepcionahles.com\/index.php\/wp-json\/wp\/v2\/posts\/2898","targetHints":{"allow":["GET"]}}],"collection":[{"href":"https:\/\/veracruzanosexcepcionahles.com\/index.php\/wp-json\/wp\/v2\/posts"}],"about":[{"href":"https:\/\/veracruzanosexcepcionahles.com\/index.php\/wp-json\/wp\/v2\/types\/post"}],"author":[{"embeddable":true,"href":"https:\/\/veracruzanosexcepcionahles.com\/index.php\/wp-json\/wp\/v2\/users\/2"}],"replies":[{"embeddable":true,"href":"https:\/\/veracruzanosexcepcionahles.com\/index.php\/wp-json\/wp\/v2\/comments?post=2898"}],"version-history":[{"count":1,"href":"https:\/\/veracruzanosexcepcionahles.com\/index.php\/wp-json\/wp\/v2\/posts\/2898\/revisions"}],"predecessor-version":[{"id":2900,"href":"https:\/\/veracruzanosexcepcionahles.com\/index.php\/wp-json\/wp\/v2\/posts\/2898\/revisions\/2900"}],"wp:featuredmedia":[{"embeddable":true,"href":"https:\/\/veracruzanosexcepcionahles.com\/index.php\/wp-json\/wp\/v2\/media\/2899"}],"wp:attachment":[{"href":"https:\/\/veracruzanosexcepcionahles.com\/index.php\/wp-json\/wp\/v2\/media?parent=2898"}],"wp:term":[{"taxonomy":"category","embeddable":true,"href":"https:\/\/veracruzanosexcepcionahles.com\/index.php\/wp-json\/wp\/v2\/categories?post=2898"},{"taxonomy":"post_tag","embeddable":true,"href":"https:\/\/veracruzanosexcepcionahles.com\/index.php\/wp-json\/wp\/v2\/tags?post=2898"}],"curies":[{"name":"wp","href":"https:\/\/api.w.org\/{rel}","templated":true}]}}