{"id":2662,"date":"2024-08-02T12:20:49","date_gmt":"2024-08-02T18:20:49","guid":{"rendered":"https:\/\/veracruzanosexcepcionahles.com\/?p=2662"},"modified":"2024-08-02T12:20:49","modified_gmt":"2024-08-02T18:20:49","slug":"con-convivencia-deportiva-intersubsistemas-semsys-2024-sev-promueve-el-deporte","status":"publish","type":"post","link":"https:\/\/veracruzanosexcepcionahles.com\/index.php\/2024\/08\/02\/con-convivencia-deportiva-intersubsistemas-semsys-2024-sev-promueve-el-deporte\/","title":{"rendered":"Con Convivencia Deportiva Intersubsistemas SEMSyS 2024, SEV promueve el deporte"},"content":{"rendered":"<p>* Tambi\u00e9n el bienestar socioemocional y la amistad entre el personal.<\/p>\n<p>Xalapa, Ver., 2 de agosto de 2024.- Con la finalidad de fomentar el deporte, el bienestar socioemocional y la amistad entre el personal, la Secretar\u00eda de Educaci\u00f3n de Veracruz (SEV), a trav\u00e9s de la Subsecretar\u00eda de Educaci\u00f3n Media Superior y Superior, llev\u00f3 a cabo la Convivencia Deportiva Intersubsistemas SEMSyS 2024.<\/p>\n<p>Esta ma\u00f1ana, en las instalaciones del Instituto Tecnol\u00f3gico Superior de Xalapa (ITSX), tuvo lugar el evento en las disciplinas de futbol, basquetbol, voleibol y ajedrez individual, y se cont\u00f3 con la asistencia del secretario de Educaci\u00f3n de Veracruz, V\u00edctor Emmanuel Vargas Barrientos; la subsecretaria de Educaci\u00f3n Media Superior y Superior, Lissete Camacho Mu\u00f1oz; entre otras autoridades educativas.<\/p>\n<p>Durante su mensaje, el titular de la SEV destac\u00f3 la importancia de trabajar en equipo, adem\u00e1s de que eventos como este sirven para unir esfuerzos y alcanzar metas. Lo que tambi\u00e9n se aplica en el \u00e1mbito laboral como servidores p\u00fablicos.<\/p>\n<p>Vargas Barrientos celebr\u00f3 que la Subsecretar\u00eda de Educaci\u00f3n Media Superior y Superior organizara el evento, mediante el cual se disfrut\u00f3 de una sana convivencia que sirvi\u00f3 para fortalecer los \u00e1nimos y las relaciones entre las y los compa\u00f1eros. Y es que, como servidores p\u00fablicos del sector educativo, son ejemplo para las ni\u00f1as, ni\u00f1os, adolescentes y j\u00f3venes, porque al crear un ambiente de respeto y competencia pac\u00edfica, pueden incidir de mejor manera en las comunidades educativas.<\/p>\n<p>Para finalizar, el titular de la SEV agradeci\u00f3 a las autoridades del ITSX, encabezadas por el director \u00d3scar Alejandro Trujillo Flores, por las facilidades para la realizaci\u00f3n de la Convivencia Deportiva Interdependencias.<\/p>\n<p>Cabe resaltar que qued\u00f3 de manifiesto el compa\u00f1erismo que impera entre la base trabajadora, como parte de los valores que se promueven en la SEV.<\/p>\n","protected":false},"excerpt":{"rendered":"<p>* Tambi\u00e9n el bienestar socioemocional y la amistad entre el personal. Xalapa, Ver., 2 de agosto de 2024.- Con la finalidad de fomentar el deporte, el bienestar socioemocional y la amistad entre el personal, la Secretar\u00eda de Educaci\u00f3n de Veracruz (SEV), a trav\u00e9s de la Subsecretar\u00eda de Educaci\u00f3n Media Superior y Superior, llev\u00f3 a cabo&#8230;<\/p>\n","protected":false},"author":2,"featured_media":2663,"comment_status":"closed","ping_status":"closed","sticky":false,"template":"","format":"standard","meta":{"_jetpack_memberships_contains_paid_content":false,"footnotes":"","jetpack_publicize_message":"","jetpack_publicize_feature_enabled":true,"jetpack_social_post_already_shared":true,"jetpack_social_options":{"image_generator_settings":{"template":"highway","default_image_id":0,"font":"","enabled":false},"version":2}},"categories":[2],"tags":[],"class_list":["post-2662","post","type-post","status-publish","format-standard","has-post-thumbnail","hentry","category-gobiernoestatal"],"jetpack_publicize_connections":[],"jetpack_featured_media_url":"https:\/\/veracruzanosexcepcionahles.com\/wp-content\/uploads\/2024\/08\/WhatsApp-Image-2024-08-02-at-12.05.20-PM.jpeg","jetpack_sharing_enabled":true,"jetpack_likes_enabled":true,"jetpack_shortlink":"https:\/\/wp.me\/pe8dhK-GW","_links":{"self":[{"href":"https:\/\/veracruzanosexcepcionahles.com\/index.php\/wp-json\/wp\/v2\/posts\/2662","targetHints":{"allow":["GET"]}}],"collection":[{"href":"https:\/\/veracruzanosexcepcionahles.com\/index.php\/wp-json\/wp\/v2\/posts"}],"about":[{"href":"https:\/\/veracruzanosexcepcionahles.com\/index.php\/wp-json\/wp\/v2\/types\/post"}],"author":[{"embeddable":true,"href":"https:\/\/veracruzanosexcepcionahles.com\/index.php\/wp-json\/wp\/v2\/users\/2"}],"replies":[{"embeddable":true,"href":"https:\/\/veracruzanosexcepcionahles.com\/index.php\/wp-json\/wp\/v2\/comments?post=2662"}],"version-history":[{"count":1,"href":"https:\/\/veracruzanosexcepcionahles.com\/index.php\/wp-json\/wp\/v2\/posts\/2662\/revisions"}],"predecessor-version":[{"id":2664,"href":"https:\/\/veracruzanosexcepcionahles.com\/index.php\/wp-json\/wp\/v2\/posts\/2662\/revisions\/2664"}],"wp:featuredmedia":[{"embeddable":true,"href":"https:\/\/veracruzanosexcepcionahles.com\/index.php\/wp-json\/wp\/v2\/media\/2663"}],"wp:attachment":[{"href":"https:\/\/veracruzanosexcepcionahles.com\/index.php\/wp-json\/wp\/v2\/media?parent=2662"}],"wp:term":[{"taxonomy":"category","embeddable":true,"href":"https:\/\/veracruzanosexcepcionahles.com\/index.php\/wp-json\/wp\/v2\/categories?post=2662"},{"taxonomy":"post_tag","embeddable":true,"href":"https:\/\/veracruzanosexcepcionahles.com\/index.php\/wp-json\/wp\/v2\/tags?post=2662"}],"curies":[{"name":"wp","href":"https:\/\/api.w.org\/{rel}","templated":true}]}}