{"id":2509,"date":"2024-07-16T23:00:07","date_gmt":"2024-07-17T05:00:07","guid":{"rendered":"https:\/\/veracruzanosexcepcionahles.com\/?p=2509"},"modified":"2024-07-16T23:00:07","modified_gmt":"2024-07-17T05:00:07","slug":"zenyazen-escobar-diputado-electo-reafirma-su-compromiso-con-la-juventud","status":"publish","type":"post","link":"https:\/\/veracruzanosexcepcionahles.com\/index.php\/2024\/07\/16\/zenyazen-escobar-diputado-electo-reafirma-su-compromiso-con-la-juventud\/","title":{"rendered":"Zenyazen Escobar, diputado electo, reafirma su compromiso con la juventud"},"content":{"rendered":"<p>&#8211; Durante la ceremonia de graduaci\u00f3n de la generaci\u00f3n 2021-2024 de la Telesecundaria \u201cFrancisco I. Madero\u201d.<\/p>\n<p>C\u00f3rdoba, Ver., 16 de julio de 2024.- Con un profundo sentido de nostalgia y orgullo, el diputado federal electo por el Distrito 16, Zenyazen Escobar, apadrin\u00f3 hoy a los alumnos de la generaci\u00f3n 2021-2024 de la Telesecundaria \u201cFrancisco I. Madero\u201d, la misma instituci\u00f3n donde inici\u00f3 su carrera como maestro. En su mensaje, destac\u00f3 su compromiso de seguir trabajando para garantizar que los j\u00f3venes cuenten con mejores oportunidades de vida.<\/p>\n<p>Se\u00f1al\u00f3 que en materia educativa Veracruz y la regi\u00f3n han avanzado significativamente en los \u00faltimos a\u00f1os. Con la continuidad de la Cuarta Transformaci\u00f3n, ahora liderados por la presidenta electa Claudia Sheinbaum Pardo, asegur\u00f3, se impulsar\u00e1n acciones que permitan a ni\u00f1as, ni\u00f1os y j\u00f3venes garantizar el acceso a la educaci\u00f3n, al recordar que en la pr\u00f3xima legislatura se estar\u00e1n votando seis reformas constitucionales que incluyen, entre otros temas, becas desde nivel preescolar.<\/p>\n<p>Como padrino de generaci\u00f3n y ante la presencia de madres y padres de familia, reiter\u00f3 que su compromiso como legislador es trabajar incansablemente en la mejora de las condiciones educativas y en la creaci\u00f3n de oportunidades que permitan a los j\u00f3venes desarrollarse plenamente.<\/p>\n","protected":false},"excerpt":{"rendered":"<p>&#8211; Durante la ceremonia de graduaci\u00f3n de la generaci\u00f3n 2021-2024 de la Telesecundaria \u201cFrancisco I. Madero\u201d. C\u00f3rdoba, Ver., 16 de julio de 2024.- Con un profundo sentido de nostalgia y orgullo, el diputado federal electo por el Distrito 16, Zenyazen Escobar, apadrin\u00f3 hoy a los alumnos de la generaci\u00f3n 2021-2024 de la Telesecundaria \u201cFrancisco I&#8230;.<\/p>\n","protected":false},"author":2,"featured_media":2510,"comment_status":"closed","ping_status":"closed","sticky":false,"template":"","format":"standard","meta":{"_jetpack_memberships_contains_paid_content":false,"footnotes":"","jetpack_publicize_message":"","jetpack_publicize_feature_enabled":true,"jetpack_social_post_already_shared":true,"jetpack_social_options":{"image_generator_settings":{"template":"highway","default_image_id":0,"font":"","enabled":false},"version":2}},"categories":[3],"tags":[],"class_list":["post-2509","post","type-post","status-publish","format-standard","has-post-thumbnail","hentry","category-politica"],"jetpack_publicize_connections":[],"jetpack_featured_media_url":"https:\/\/veracruzanosexcepcionahles.com\/wp-content\/uploads\/2024\/07\/WhatsApp-Image-2024-07-16-at-8.52.39-PM.jpeg","jetpack_sharing_enabled":true,"jetpack_likes_enabled":true,"jetpack_shortlink":"https:\/\/wp.me\/pe8dhK-Et","_links":{"self":[{"href":"https:\/\/veracruzanosexcepcionahles.com\/index.php\/wp-json\/wp\/v2\/posts\/2509","targetHints":{"allow":["GET"]}}],"collection":[{"href":"https:\/\/veracruzanosexcepcionahles.com\/index.php\/wp-json\/wp\/v2\/posts"}],"about":[{"href":"https:\/\/veracruzanosexcepcionahles.com\/index.php\/wp-json\/wp\/v2\/types\/post"}],"author":[{"embeddable":true,"href":"https:\/\/veracruzanosexcepcionahles.com\/index.php\/wp-json\/wp\/v2\/users\/2"}],"replies":[{"embeddable":true,"href":"https:\/\/veracruzanosexcepcionahles.com\/index.php\/wp-json\/wp\/v2\/comments?post=2509"}],"version-history":[{"count":1,"href":"https:\/\/veracruzanosexcepcionahles.com\/index.php\/wp-json\/wp\/v2\/posts\/2509\/revisions"}],"predecessor-version":[{"id":2511,"href":"https:\/\/veracruzanosexcepcionahles.com\/index.php\/wp-json\/wp\/v2\/posts\/2509\/revisions\/2511"}],"wp:featuredmedia":[{"embeddable":true,"href":"https:\/\/veracruzanosexcepcionahles.com\/index.php\/wp-json\/wp\/v2\/media\/2510"}],"wp:attachment":[{"href":"https:\/\/veracruzanosexcepcionahles.com\/index.php\/wp-json\/wp\/v2\/media?parent=2509"}],"wp:term":[{"taxonomy":"category","embeddable":true,"href":"https:\/\/veracruzanosexcepcionahles.com\/index.php\/wp-json\/wp\/v2\/categories?post=2509"},{"taxonomy":"post_tag","embeddable":true,"href":"https:\/\/veracruzanosexcepcionahles.com\/index.php\/wp-json\/wp\/v2\/tags?post=2509"}],"curies":[{"name":"wp","href":"https:\/\/api.w.org\/{rel}","templated":true}]}}