{"id":2496,"date":"2024-07-15T14:43:48","date_gmt":"2024-07-15T20:43:48","guid":{"rendered":"https:\/\/veracruzanosexcepcionahles.com\/?p=2496"},"modified":"2024-07-15T14:43:48","modified_gmt":"2024-07-15T20:43:48","slug":"con-heroismo-brigadistas-protegieron-bosques-y-comunidades-de-217-incendios-en-veracruz","status":"publish","type":"post","link":"https:\/\/veracruzanosexcepcionahles.com\/index.php\/2024\/07\/15\/con-heroismo-brigadistas-protegieron-bosques-y-comunidades-de-217-incendios-en-veracruz\/","title":{"rendered":"Con hero\u00edsmo, brigadistas protegieron bosques y comunidades de 217 incendios en Veracruz  \u00a0"},"content":{"rendered":"<p><i><span lang=\"ES\">*El 28 de julio, pr\u00f3xima jornada de reforestaci\u00f3n masiva<\/span><\/i><\/p>\n<p><span lang=\"ES\">\u00a0<\/span><\/p>\n<p><b><span lang=\"ES\">Xalapa, Ver., 15 de julio de 2024.-<\/span><\/b><span lang=\"ES\">\u00a0En el D\u00eda Nacional del Combatiente Forestal, Veracruz reconoci\u00f3 a las brigadas oficiales federales, estatales y municipales por su hero\u00edsmo, compromiso y dedicaci\u00f3n para proteger bosques y comunidades de 217 incendios que consumieron 14 mil 793.31 hect\u00e1reas en el estado de enero a junio.<\/span><\/p>\n<p><span lang=\"ES\">\u00a0<\/span><\/p>\n<p><span lang=\"ES\">De manos del gobernador Cuitl\u00e1huac Garc\u00eda Jim\u00e9nez, recibieron reconocimientos Erika Jazm\u00edn Balderas Rodr\u00edguez, de la Brigada 3004 Pico de Orizaba y Sierra de Zongolica; Efra\u00edn Isa\u00edas P\u00e9rez, de la Brigada Oficial; y las Brigadas Municipales de Tequila y Jes\u00fas Carranza, pertenecientes a la Secretar\u00eda de Medio Ambiente.<\/span><\/p>\n<p><span lang=\"ES\">\u00a0<\/span><\/p>\n<p><span lang=\"ES\">Adem\u00e1s, fueron reconocidos Gerardo Nopaltecatl Tehuintle, de la Brigada Oficial, y el Equipo Operativo Mercurio, ambos de Protecci\u00f3n Civil; la Brigada de Seguridad P\u00fablica; y la tripulaci\u00f3n aeron\u00e1utica de la Guardia Nacional, MI-17.<\/span><\/p>\n<p><span lang=\"ES\">\u00a0<\/span><\/p>\n<p><span lang=\"ES\">\u201cHoy reconocemos a los combatientes, a los que impiden que los incendios se salgan de control, que se extiendan, a los que arriesgan su vida para que sigamos conservando nuestras \u00e1reas boscosas. Que se sepa, que se oiga, que no se salieron con la suya los que intentaron incendiar nuestros bosques, que hubo guardianes que estuvieron aqu\u00ed\u201d, se\u00f1al\u00f3 el mandatario estatal.<\/span><\/p>\n<p><span lang=\"ES\">\u00a0<\/span><\/p>\n<p><span lang=\"ES\">Acompa\u00f1ado por autoridades estatales, federales, militares y navales, convoc\u00f3 a participar este 28 de julio a la jornada de reforestaci\u00f3n masiva en el estado. \u201cSi admiramos a los combatientes, a nuestra naturaleza y deseamos vivir mejor en nuestro ecosistema, vayamos a poner nuestro granito de arena, o en este caso, una semillita de un \u00e1rbol\u201d.<\/span><\/p>\n<p><span lang=\"ES\">\u00a0<\/span><\/p>\n<p><span lang=\"ES\">El titular de la Promotor\u00eda de Desarrollo Forestal de la Comisi\u00f3n Nacional Forestal (CONAFOR) en el estado, H\u00e9ctor Mota Velazco, subray\u00f3 que, gracias al incansable esfuerzo de los combatientes y las fuerzas de tarea se logr\u00f3 combatir y liquidar con determinaci\u00f3n y eficacia la mayor cantidad de incendios forestales en la historia reciente, que se registraron en 2024.<\/span><\/p>\n<p><span lang=\"ES\">\u00a0<\/span><\/p>\n<p><span lang=\"ES\">Por su parte, la brigadista Erika Jazm\u00edn Balderas Rodr\u00edguez, destac\u00f3 la representaci\u00f3n de algunos de sus integrantes en pa\u00edses como Chile, Canad\u00e1 y Estados Unidos, y homenaje\u00f3 a aquellos que han ca\u00eddo en el cumplimiento del deber, en busca de un mundo mejor para las generaciones presentes y futuras, y expres\u00f3 su orgullo por servir al estado y al pa\u00eds en esta labor.<\/span><\/p>\n<p><span lang=\"ES\">\u00a0<\/span><\/p>\n<p><span lang=\"ES\">Durante la temporada de incendios forestales, participaron cinco brigadas oficiales de CONAFOR con 42 elementos, cuatro brigadas de subsidios CONAFOR-municipios con 40 elementos, dos brigadas de CONAFOR-SEDEMA y cinco brigadas oficiales de SEDEMA con 33 elementos. Adem\u00e1s, se llevaron a cabo operaciones con 17 aeronaves de SEMAR, Guardia Nacional, Fuerza A\u00e9rea Mexicana y el Gobierno estatal en 10 incendios forestales.\u00a0<\/span><\/p>\n<p><span lang=\"ES\">\u00a0<\/span><\/p>\n<p><span lang=\"ES\">Con los convenios de colaboraci\u00f3n con los municipios, se conformaron m\u00e1s de 32 brigadas municipales con cerca de 224 brigadistas, y 33 brigadas comunitarias con 329 brigadistas. Tambi\u00e9n se adquirieron m\u00e1s de 224 equipos de protecci\u00f3n, 21 camionetas equipadas, dos camiones-pipa, 2 mil 875 herramientas diversas, y se habilitaron 465.21 kil\u00f3metros de apertura y rehabilitaci\u00f3n de brechas cortafuego.<\/span><\/p>\n","protected":false},"excerpt":{"rendered":"<p>*El 28 de julio, pr\u00f3xima jornada de reforestaci\u00f3n masiva \u00a0 Xalapa, Ver., 15 de julio de 2024.-\u00a0En el D\u00eda Nacional del Combatiente Forestal, Veracruz reconoci\u00f3 a las brigadas oficiales federales, estatales y municipales por su hero\u00edsmo, compromiso y dedicaci\u00f3n para proteger bosques y comunidades de 217 incendios que consumieron 14 mil 793.31 hect\u00e1reas en el&#8230;<\/p>\n","protected":false},"author":2,"featured_media":2497,"comment_status":"closed","ping_status":"closed","sticky":false,"template":"","format":"standard","meta":{"_jetpack_memberships_contains_paid_content":false,"footnotes":"","jetpack_publicize_message":"","jetpack_publicize_feature_enabled":true,"jetpack_social_post_already_shared":true,"jetpack_social_options":{"image_generator_settings":{"template":"highway","default_image_id":0,"font":"","enabled":false},"version":2}},"categories":[2],"tags":[],"class_list":["post-2496","post","type-post","status-publish","format-standard","has-post-thumbnail","hentry","category-gobiernoestatal"],"jetpack_publicize_connections":[],"jetpack_featured_media_url":"https:\/\/veracruzanosexcepcionahles.com\/wp-content\/uploads\/2024\/07\/DIA-NACIONAL-DEL-COMBATENIENTE-DE-INCENDIOS-FORESTALES-1-scaled.jpeg","jetpack_sharing_enabled":true,"jetpack_likes_enabled":true,"jetpack_shortlink":"https:\/\/wp.me\/pe8dhK-Eg","_links":{"self":[{"href":"https:\/\/veracruzanosexcepcionahles.com\/index.php\/wp-json\/wp\/v2\/posts\/2496","targetHints":{"allow":["GET"]}}],"collection":[{"href":"https:\/\/veracruzanosexcepcionahles.com\/index.php\/wp-json\/wp\/v2\/posts"}],"about":[{"href":"https:\/\/veracruzanosexcepcionahles.com\/index.php\/wp-json\/wp\/v2\/types\/post"}],"author":[{"embeddable":true,"href":"https:\/\/veracruzanosexcepcionahles.com\/index.php\/wp-json\/wp\/v2\/users\/2"}],"replies":[{"embeddable":true,"href":"https:\/\/veracruzanosexcepcionahles.com\/index.php\/wp-json\/wp\/v2\/comments?post=2496"}],"version-history":[{"count":1,"href":"https:\/\/veracruzanosexcepcionahles.com\/index.php\/wp-json\/wp\/v2\/posts\/2496\/revisions"}],"predecessor-version":[{"id":2498,"href":"https:\/\/veracruzanosexcepcionahles.com\/index.php\/wp-json\/wp\/v2\/posts\/2496\/revisions\/2498"}],"wp:featuredmedia":[{"embeddable":true,"href":"https:\/\/veracruzanosexcepcionahles.com\/index.php\/wp-json\/wp\/v2\/media\/2497"}],"wp:attachment":[{"href":"https:\/\/veracruzanosexcepcionahles.com\/index.php\/wp-json\/wp\/v2\/media?parent=2496"}],"wp:term":[{"taxonomy":"category","embeddable":true,"href":"https:\/\/veracruzanosexcepcionahles.com\/index.php\/wp-json\/wp\/v2\/categories?post=2496"},{"taxonomy":"post_tag","embeddable":true,"href":"https:\/\/veracruzanosexcepcionahles.com\/index.php\/wp-json\/wp\/v2\/tags?post=2496"}],"curies":[{"name":"wp","href":"https:\/\/api.w.org\/{rel}","templated":true}]}}