{"id":2421,"date":"2024-07-10T23:13:53","date_gmt":"2024-07-11T05:13:53","guid":{"rendered":"https:\/\/veracruzanosexcepcionahles.com\/?p=2421"},"modified":"2024-07-10T23:13:53","modified_gmt":"2024-07-11T05:13:53","slug":"se-reunen-gabinetes-de-transicion","status":"publish","type":"post","link":"https:\/\/veracruzanosexcepcionahles.com\/index.php\/2024\/07\/10\/se-reunen-gabinetes-de-transicion\/","title":{"rendered":"SE RE\u00daNEN GABINETES DE TRANSICI\u00d3N"},"content":{"rendered":"<p>&gt;Sientan bases del inicio del proceso de entrega- recepci\u00f3n.<\/p>\n<p>Xalapa, Ver., mi\u00e9rcoles 10 de julio de 2024.- Esta noche, los gobernadores saliente y entrante, Cuitl\u00e1huac Garc\u00eda Jim\u00e9nez y Roc\u00edo Nahle Garc\u00eda, se reunieron con sus respectivos equipos de transici\u00f3n en Casa Veracruz.<\/p>\n<p>El gabinete en funciones y el reci\u00e9n nombrado por la ejecutiva electa protagonizaron un primer intercambio de cara al cierre de la primera administraci\u00f3n de izquierda.<\/p>\n","protected":false},"excerpt":{"rendered":"<p>&gt;Sientan bases del inicio del proceso de entrega- recepci\u00f3n. Xalapa, Ver., mi\u00e9rcoles 10 de julio de 2024.- Esta noche, los gobernadores saliente y entrante, Cuitl\u00e1huac Garc\u00eda Jim\u00e9nez y Roc\u00edo Nahle Garc\u00eda, se reunieron con sus respectivos equipos de transici\u00f3n en Casa Veracruz. El gabinete en funciones y el reci\u00e9n nombrado por la ejecutiva electa protagonizaron&#8230;<\/p>\n","protected":false},"author":2,"featured_media":2422,"comment_status":"closed","ping_status":"closed","sticky":false,"template":"","format":"standard","meta":{"_jetpack_memberships_contains_paid_content":false,"footnotes":"","jetpack_publicize_message":"","jetpack_publicize_feature_enabled":true,"jetpack_social_post_already_shared":true,"jetpack_social_options":{"image_generator_settings":{"template":"highway","default_image_id":0,"font":"","enabled":false},"version":2}},"categories":[23],"tags":[],"class_list":["post-2421","post","type-post","status-publish","format-standard","has-post-thumbnail","hentry","category-actividadesnahle"],"jetpack_publicize_connections":[],"jetpack_featured_media_url":"https:\/\/veracruzanosexcepcionahles.com\/wp-content\/uploads\/2024\/07\/WhatsApp-Image-2024-07-10-at-8.54.13-PM.jpeg","jetpack_sharing_enabled":true,"jetpack_likes_enabled":true,"jetpack_shortlink":"https:\/\/wp.me\/pe8dhK-D3","_links":{"self":[{"href":"https:\/\/veracruzanosexcepcionahles.com\/index.php\/wp-json\/wp\/v2\/posts\/2421","targetHints":{"allow":["GET"]}}],"collection":[{"href":"https:\/\/veracruzanosexcepcionahles.com\/index.php\/wp-json\/wp\/v2\/posts"}],"about":[{"href":"https:\/\/veracruzanosexcepcionahles.com\/index.php\/wp-json\/wp\/v2\/types\/post"}],"author":[{"embeddable":true,"href":"https:\/\/veracruzanosexcepcionahles.com\/index.php\/wp-json\/wp\/v2\/users\/2"}],"replies":[{"embeddable":true,"href":"https:\/\/veracruzanosexcepcionahles.com\/index.php\/wp-json\/wp\/v2\/comments?post=2421"}],"version-history":[{"count":0,"href":"https:\/\/veracruzanosexcepcionahles.com\/index.php\/wp-json\/wp\/v2\/posts\/2421\/revisions"}],"wp:featuredmedia":[{"embeddable":true,"href":"https:\/\/veracruzanosexcepcionahles.com\/index.php\/wp-json\/wp\/v2\/media\/2422"}],"wp:attachment":[{"href":"https:\/\/veracruzanosexcepcionahles.com\/index.php\/wp-json\/wp\/v2\/media?parent=2421"}],"wp:term":[{"taxonomy":"category","embeddable":true,"href":"https:\/\/veracruzanosexcepcionahles.com\/index.php\/wp-json\/wp\/v2\/categories?post=2421"},{"taxonomy":"post_tag","embeddable":true,"href":"https:\/\/veracruzanosexcepcionahles.com\/index.php\/wp-json\/wp\/v2\/tags?post=2421"}],"curies":[{"name":"wp","href":"https:\/\/api.w.org\/{rel}","templated":true}]}}