{"id":2342,"date":"2024-07-02T22:42:27","date_gmt":"2024-07-03T04:42:27","guid":{"rendered":"https:\/\/veracruzanosexcepcionahles.com\/?p=2342"},"modified":"2024-07-02T22:42:27","modified_gmt":"2024-07-03T04:42:27","slug":"luis-arturo-santiago-titular-de-la-secretaria-del-trabajo","status":"publish","type":"post","link":"https:\/\/veracruzanosexcepcionahles.com\/index.php\/2024\/07\/02\/luis-arturo-santiago-titular-de-la-secretaria-del-trabajo\/","title":{"rendered":"LUIS ARTURO SANTIAGO TITULAR DE LA SECRETAR\u00cdA DEL TRABAJO"},"content":{"rendered":"<p>Boca del R\u00edo, Ver., martes 02 de julio de 2024.- El actual diputado local, Luis Arturo Santiago Mart\u00ednez, asumir\u00e1 la titularidad de la Secretar\u00eda de Trabajo, Previsi\u00f3n Social y Productividad (STPSP) en el estado, confirm\u00f3 la gobernadora electa de Veracruz, Roc\u00edo Nahle Garc\u00eda.<\/p>\n<p>Cuenta con las licenciaturas en Derecho por la Universidad Veracruzana y en Filosof\u00eda por la<br \/>\nUniversidad La Salle en Ciudad de M\u00e9xico titulado con menci\u00f3n honor\u00edfica.<\/p>\n<p>Es Maestro en Filosof\u00eda Pol\u00edtica por la Universidad Nacional Aut\u00f3noma de M\u00e9xico (UNAM) y Maestro en Gobierno por el Colegio de Veracruz (Colver) as\u00ed como Diplomado en Actualizaci\u00f3n y Profesionalizaci\u00f3n Directiva.<\/p>\n<p>Se ha desempe\u00f1ado como diputado por el distrito XXI en la LXVI Legislatura Local con las comisiones de Protecci\u00f3n Civil (Presidente), Ciencia y Tecnolog\u00eda y Desarrollo Agropecuario, Rural y Forestal.<\/p>\n<p>En su haber acad\u00e9mico registra una amplia experiencia como director, subdirector y catedr\u00e1tico en distintas instituciones educativas en el estado de Veracruz.<\/p>\n<p>En el \u00e1mbito pol\u00edtico ha sido tambi\u00e9n<br \/>\nCandidato a la Presidencia Municipal de Camerino Z. Mendoza y Representante de Gobierno Zona Centro del Estado.<\/p>\n","protected":false},"excerpt":{"rendered":"<p>Boca del R\u00edo, Ver., martes 02 de julio de 2024.- El actual diputado local, Luis Arturo Santiago Mart\u00ednez, asumir\u00e1 la titularidad de la Secretar\u00eda de Trabajo, Previsi\u00f3n Social y Productividad (STPSP) en el estado, confirm\u00f3 la gobernadora electa de Veracruz, Roc\u00edo Nahle Garc\u00eda. Cuenta con las licenciaturas en Derecho por la Universidad Veracruzana y en&#8230;<\/p>\n","protected":false},"author":2,"featured_media":2343,"comment_status":"closed","ping_status":"closed","sticky":false,"template":"","format":"standard","meta":{"_jetpack_memberships_contains_paid_content":false,"footnotes":"","jetpack_publicize_message":"","jetpack_publicize_feature_enabled":true,"jetpack_social_post_already_shared":true,"jetpack_social_options":{"image_generator_settings":{"template":"highway","default_image_id":0,"font":"","enabled":false},"version":2}},"categories":[23],"tags":[],"class_list":["post-2342","post","type-post","status-publish","format-standard","has-post-thumbnail","hentry","category-actividadesnahle"],"jetpack_publicize_connections":[],"jetpack_featured_media_url":"https:\/\/veracruzanosexcepcionahles.com\/wp-content\/uploads\/2024\/07\/WhatsApp-Image-2024-07-02-at-2.53.24-PM.jpeg","jetpack_sharing_enabled":true,"jetpack_likes_enabled":true,"jetpack_shortlink":"https:\/\/wp.me\/pe8dhK-BM","_links":{"self":[{"href":"https:\/\/veracruzanosexcepcionahles.com\/index.php\/wp-json\/wp\/v2\/posts\/2342","targetHints":{"allow":["GET"]}}],"collection":[{"href":"https:\/\/veracruzanosexcepcionahles.com\/index.php\/wp-json\/wp\/v2\/posts"}],"about":[{"href":"https:\/\/veracruzanosexcepcionahles.com\/index.php\/wp-json\/wp\/v2\/types\/post"}],"author":[{"embeddable":true,"href":"https:\/\/veracruzanosexcepcionahles.com\/index.php\/wp-json\/wp\/v2\/users\/2"}],"replies":[{"embeddable":true,"href":"https:\/\/veracruzanosexcepcionahles.com\/index.php\/wp-json\/wp\/v2\/comments?post=2342"}],"version-history":[{"count":0,"href":"https:\/\/veracruzanosexcepcionahles.com\/index.php\/wp-json\/wp\/v2\/posts\/2342\/revisions"}],"wp:featuredmedia":[{"embeddable":true,"href":"https:\/\/veracruzanosexcepcionahles.com\/index.php\/wp-json\/wp\/v2\/media\/2343"}],"wp:attachment":[{"href":"https:\/\/veracruzanosexcepcionahles.com\/index.php\/wp-json\/wp\/v2\/media?parent=2342"}],"wp:term":[{"taxonomy":"category","embeddable":true,"href":"https:\/\/veracruzanosexcepcionahles.com\/index.php\/wp-json\/wp\/v2\/categories?post=2342"},{"taxonomy":"post_tag","embeddable":true,"href":"https:\/\/veracruzanosexcepcionahles.com\/index.php\/wp-json\/wp\/v2\/tags?post=2342"}],"curies":[{"name":"wp","href":"https:\/\/api.w.org\/{rel}","templated":true}]}}