{"id":2298,"date":"2024-06-27T22:31:09","date_gmt":"2024-06-28T04:31:09","guid":{"rendered":"https:\/\/veracruzanosexcepcionahles.com\/?p=2298"},"modified":"2024-06-27T22:31:09","modified_gmt":"2024-06-28T04:31:09","slug":"rodrigo-calderon-secretario-de-desarrollo-agropecuario-reitera-nahle","status":"publish","type":"post","link":"https:\/\/veracruzanosexcepcionahles.com\/index.php\/2024\/06\/27\/rodrigo-calderon-secretario-de-desarrollo-agropecuario-reitera-nahle\/","title":{"rendered":"RODRIGO CALDER\u00d3N SECRETARIO DE DESARROLLO AGROPECUARIO REITERA NAHLE"},"content":{"rendered":"<p>&gt;Es presidente municipal de Mart\u00ednez de la Torre y Coordinador de la Mesa de Transici\u00f3n.<\/p>\n<p>Boca del R\u00edo, Ver., jueves 27 de junio de 2024.- Rodrigo Calder\u00f3n Salas, actualmente alcalde de Mart\u00ednez de la Torre y Coordinador de la Mesa de Transici\u00f3n de Gobierno, ser\u00e1 el Secretario de Desarrollo Agropecuario, Rural y Pesca (SEDARPA), ratific\u00f3 la gobernadora electa de Veracruz, Roc\u00edo Nahle Garc\u00eda.<\/p>\n<p>Nacido en Mart\u00ednez de la Torre, es egresado de la Licenciatura en Contadur\u00eda por la Escuela Comercial de Contabilidad y Administraci\u00f3n ejerciendo con gran desempe\u00f1o en el \u00e1rea p\u00fablica y privada.<\/p>\n<p>Cuenta con una importante trayectoria en el ramo empresarial y comercial as\u00ed como en la producci\u00f3n y comercializaci\u00f3n de c\u00edtricos a nivel nacional e internacional.<\/p>\n<p>En el \u00e1mbito pol\u00edtico, fue diputado federal y presidente municipal de Mart\u00ednez de la Torre.<\/p>\n","protected":false},"excerpt":{"rendered":"<p>&gt;Es presidente municipal de Mart\u00ednez de la Torre y Coordinador de la Mesa de Transici\u00f3n. Boca del R\u00edo, Ver., jueves 27 de junio de 2024.- Rodrigo Calder\u00f3n Salas, actualmente alcalde de Mart\u00ednez de la Torre y Coordinador de la Mesa de Transici\u00f3n de Gobierno, ser\u00e1 el Secretario de Desarrollo Agropecuario, Rural y Pesca (SEDARPA), ratific\u00f3&#8230;<\/p>\n","protected":false},"author":2,"featured_media":2299,"comment_status":"closed","ping_status":"closed","sticky":false,"template":"","format":"standard","meta":{"_jetpack_memberships_contains_paid_content":false,"footnotes":"","jetpack_publicize_message":"","jetpack_publicize_feature_enabled":true,"jetpack_social_post_already_shared":true,"jetpack_social_options":{"image_generator_settings":{"template":"highway","default_image_id":0,"font":"","enabled":false},"version":2}},"categories":[23],"tags":[],"class_list":["post-2298","post","type-post","status-publish","format-standard","has-post-thumbnail","hentry","category-actividadesnahle"],"jetpack_publicize_connections":[],"jetpack_featured_media_url":"https:\/\/veracruzanosexcepcionahles.com\/wp-content\/uploads\/2024\/06\/WhatsApp-Image-2024-06-27-at-4.19.03-PM.jpeg","jetpack_sharing_enabled":true,"jetpack_likes_enabled":true,"jetpack_shortlink":"https:\/\/wp.me\/pe8dhK-B4","_links":{"self":[{"href":"https:\/\/veracruzanosexcepcionahles.com\/index.php\/wp-json\/wp\/v2\/posts\/2298","targetHints":{"allow":["GET"]}}],"collection":[{"href":"https:\/\/veracruzanosexcepcionahles.com\/index.php\/wp-json\/wp\/v2\/posts"}],"about":[{"href":"https:\/\/veracruzanosexcepcionahles.com\/index.php\/wp-json\/wp\/v2\/types\/post"}],"author":[{"embeddable":true,"href":"https:\/\/veracruzanosexcepcionahles.com\/index.php\/wp-json\/wp\/v2\/users\/2"}],"replies":[{"embeddable":true,"href":"https:\/\/veracruzanosexcepcionahles.com\/index.php\/wp-json\/wp\/v2\/comments?post=2298"}],"version-history":[{"count":0,"href":"https:\/\/veracruzanosexcepcionahles.com\/index.php\/wp-json\/wp\/v2\/posts\/2298\/revisions"}],"wp:featuredmedia":[{"embeddable":true,"href":"https:\/\/veracruzanosexcepcionahles.com\/index.php\/wp-json\/wp\/v2\/media\/2299"}],"wp:attachment":[{"href":"https:\/\/veracruzanosexcepcionahles.com\/index.php\/wp-json\/wp\/v2\/media?parent=2298"}],"wp:term":[{"taxonomy":"category","embeddable":true,"href":"https:\/\/veracruzanosexcepcionahles.com\/index.php\/wp-json\/wp\/v2\/categories?post=2298"},{"taxonomy":"post_tag","embeddable":true,"href":"https:\/\/veracruzanosexcepcionahles.com\/index.php\/wp-json\/wp\/v2\/tags?post=2298"}],"curies":[{"name":"wp","href":"https:\/\/api.w.org\/{rel}","templated":true}]}}