{"id":2295,"date":"2024-06-27T22:23:54","date_gmt":"2024-06-28T04:23:54","guid":{"rendered":"https:\/\/veracruzanosexcepcionahles.com\/?p=2295"},"modified":"2024-06-27T22:24:21","modified_gmt":"2024-06-28T04:24:21","slug":"zenyazen-escobar-reconoce-importancia-de-trabajo-conjunto-en-el-fomento-al-deporte","status":"publish","type":"post","link":"https:\/\/veracruzanosexcepcionahles.com\/index.php\/2024\/06\/27\/zenyazen-escobar-reconoce-importancia-de-trabajo-conjunto-en-el-fomento-al-deporte\/","title":{"rendered":"Zenyazen Escobar reconoce importancia de trabajo conjunto en el fomento al deporte"},"content":{"rendered":"<p>&#8211; Asisti\u00f3 como invitado especial a la inauguraci\u00f3n de la cancha \u201cUni\u00f3n para el Bienestar\u201d.<\/p>\n<p>C\u00f3rdoba, Ver., 22 de junio de 2024.- El diputado federal electo, Zenyazen Escobar Garc\u00eda, celebr\u00f3 que gracias al respaldo y buena coordinaci\u00f3n entre madres y padres de familia, alumnos de dos instituciones educativas cuenten ahora con un espacio para el fomento deportivo. Estos espacios ofrecen alternativas de sano desarrollo integral para la ni\u00f1ez y juventud.<\/p>\n<p>Este jueves el pr\u00f3ximo legislador asisti\u00f3 como invitado de honor a la inauguraci\u00f3n de la cancha de pasto sint\u00e9tico \u201cUni\u00f3n para el Bienestar\u201d, proyecto fruto de la colaboraci\u00f3n entre la comunidad educativa, madres y padres de familia de la Escuela Primaria Jos\u00e9 Ochoa Lobato (turno matutino) y Enrique C. R\u00e9bsamen (turno vespertino), que con los recursos provenientes del programa federal \u201cLa Escuela Es Nuestra\u201d, decidieron unirse y construir una moderna cancha deportiva y un \u00e1rea de comedor.<\/p>\n<p>Escobar Garc\u00eda asegur\u00f3 que esta gran obra es un motivo para celebrar la participaci\u00f3n de madres y padres de familia, y directivos, quienes se unieron por un bien com\u00fan, donde el deporte es un beneficio para todas las ni\u00f1as y ni\u00f1os, quienes gozar\u00e1n de un desarrollo integral.<\/p>\n<p>En el evento tambi\u00e9n estuvo presente la coordinadora del programa La Escuela es Nuestra en este municipio, Elvis Hern\u00e1ndez M\u00e9ndez; los directores de los planteles: Francelia G\u00f3mez Campa y Manuel Carreola Colorado; alumnos; as\u00ed como representantes de la zona escolar 31.<\/p>\n","protected":false},"excerpt":{"rendered":"<p>&#8211; Asisti\u00f3 como invitado especial a la inauguraci\u00f3n de la cancha \u201cUni\u00f3n para el Bienestar\u201d. C\u00f3rdoba, Ver., 22 de junio de 2024.- El diputado federal electo, Zenyazen Escobar Garc\u00eda, celebr\u00f3 que gracias al respaldo y buena coordinaci\u00f3n entre madres y padres de familia, alumnos de dos instituciones educativas cuenten ahora con un espacio para el&#8230;<\/p>\n","protected":false},"author":2,"featured_media":2297,"comment_status":"closed","ping_status":"closed","sticky":false,"template":"","format":"standard","meta":{"_jetpack_memberships_contains_paid_content":false,"footnotes":"","jetpack_publicize_message":"","jetpack_publicize_feature_enabled":true,"jetpack_social_post_already_shared":true,"jetpack_social_options":{"image_generator_settings":{"template":"highway","default_image_id":0,"font":"","enabled":false},"version":2}},"categories":[3],"tags":[],"class_list":["post-2295","post","type-post","status-publish","format-standard","has-post-thumbnail","hentry","category-politica"],"jetpack_publicize_connections":[],"jetpack_featured_media_url":"https:\/\/veracruzanosexcepcionahles.com\/wp-content\/uploads\/2024\/06\/zen.jpg","jetpack_sharing_enabled":true,"jetpack_likes_enabled":true,"jetpack_shortlink":"https:\/\/wp.me\/pe8dhK-B1","_links":{"self":[{"href":"https:\/\/veracruzanosexcepcionahles.com\/index.php\/wp-json\/wp\/v2\/posts\/2295","targetHints":{"allow":["GET"]}}],"collection":[{"href":"https:\/\/veracruzanosexcepcionahles.com\/index.php\/wp-json\/wp\/v2\/posts"}],"about":[{"href":"https:\/\/veracruzanosexcepcionahles.com\/index.php\/wp-json\/wp\/v2\/types\/post"}],"author":[{"embeddable":true,"href":"https:\/\/veracruzanosexcepcionahles.com\/index.php\/wp-json\/wp\/v2\/users\/2"}],"replies":[{"embeddable":true,"href":"https:\/\/veracruzanosexcepcionahles.com\/index.php\/wp-json\/wp\/v2\/comments?post=2295"}],"version-history":[{"count":0,"href":"https:\/\/veracruzanosexcepcionahles.com\/index.php\/wp-json\/wp\/v2\/posts\/2295\/revisions"}],"wp:featuredmedia":[{"embeddable":true,"href":"https:\/\/veracruzanosexcepcionahles.com\/index.php\/wp-json\/wp\/v2\/media\/2297"}],"wp:attachment":[{"href":"https:\/\/veracruzanosexcepcionahles.com\/index.php\/wp-json\/wp\/v2\/media?parent=2295"}],"wp:term":[{"taxonomy":"category","embeddable":true,"href":"https:\/\/veracruzanosexcepcionahles.com\/index.php\/wp-json\/wp\/v2\/categories?post=2295"},{"taxonomy":"post_tag","embeddable":true,"href":"https:\/\/veracruzanosexcepcionahles.com\/index.php\/wp-json\/wp\/v2\/tags?post=2295"}],"curies":[{"name":"wp","href":"https:\/\/api.w.org\/{rel}","templated":true}]}}