{"id":2292,"date":"2024-06-26T23:03:58","date_gmt":"2024-06-27T05:03:58","guid":{"rendered":"https:\/\/veracruzanosexcepcionahles.com\/?p=2292"},"modified":"2024-06-26T23:03:58","modified_gmt":"2024-06-27T05:03:58","slug":"apuesta-veracruz-por-la-restauracion-forestal-ante-cambio-climatico","status":"publish","type":"post","link":"https:\/\/veracruzanosexcepcionahles.com\/index.php\/2024\/06\/26\/apuesta-veracruz-por-la-restauracion-forestal-ante-cambio-climatico\/","title":{"rendered":"Apuesta Veracruz por la restauraci\u00f3n forestal ante cambio clim\u00e1tico"},"content":{"rendered":"<p dir=\"ltr\">*Galardonan los tres Poderes del Estado a promotor de energ\u00edas renovables<\/p>\n<p dir=\"ltr\">*Reconocen tambi\u00e9n a brigadistas que apagaron incendios forestales<\/p>\n<p>&nbsp;<\/p>\n<p dir=\"ltr\">Xalapa, Ver., 26 de junio de 2024.-\u00a0Frente a la lecci\u00f3n que la naturaleza nos ha dado este a\u00f1o, desde el Gobierno del Estado trabajamos por la restauraci\u00f3n ambiental y haremos el esfuerzo m\u00e1s grande en la historia de Veracruz por reforestar, destac\u00f3 el gobernador Cuitl\u00e1huac Garc\u00eda Jim\u00e9nez durante la entrega de la Medalla y Diploma al M\u00e9rito por la Defensa y Mejora del Medio Ambiente.<\/p>\n<p>&nbsp;<\/p>\n<p dir=\"ltr\">Por tercera ocasi\u00f3n consecutiva, los tres Poderes del Estado entregaron la presea al ciudadano Horacio Z\u00e1rate Acevedo reconociendo su esfuerzo en la promoci\u00f3n del uso de energ\u00edas renovables y la eficiencia energ\u00e9tica como estrategia fundamental de protecci\u00f3n al entorno, combate al cambio clim\u00e1tico y desarrollo sustentable.<\/p>\n<p>&nbsp;<\/p>\n<p dir=\"ltr\">En sesi\u00f3n solemne de la LXVI Legislatura del Congreso estatal, el mandatario enfatiz\u00f3 que m\u00e1s de 5 mil 300 hect\u00e1reas han sido protegidas jur\u00eddicamente con un manejo ambiental adecuado; nueve viveros estatales encargados de cultivar m\u00e1s de 11 millones de ejemplares y 46 municipales con 745 mil plantas de producci\u00f3n fueron rescatados.<\/p>\n<p>&nbsp;<\/p>\n<p dir=\"ltr\">Convoc\u00f3 a participar en las jornadas de reforestaci\u00f3n el 28 de julio y el 29 de septiembre, adem\u00e1s de la semana del 22 al 28 de julio, donde ser\u00e1n plantados un total de 634 mil \u00e1rboles en 44 municipios, con la colaboraci\u00f3n tambi\u00e9n de 15 drones a cargo de la dispersi\u00f3n de semillas en sitios inaccesibles, construidos por institutos tecnol\u00f3gicos y el Colegio Nacional de Educaci\u00f3n Profesional T\u00e9cnica.<\/p>\n<p>&nbsp;<\/p>\n<p dir=\"ltr\">Adem\u00e1s de reconocer a quien ha sido ferviente impulsor de energ\u00edas limpias y merecedor de premios en M\u00e9xico y en el extranjero, consider\u00f3 oportuno condecorar a los brigadistas que combatieron los incendios forestales en la entidad.<\/p>\n<p>&nbsp;<\/p>\n<p dir=\"ltr\">Por su parte, el galardonado reafirm\u00f3 su compromiso por continuar trabajando e hizo un en\u00e9rgico llamado a no postergar m\u00e1s las acciones en defensa de la Tierra. \u201cNo a basureros clandestinos ni quema de basura, debemos apostar a plantas de tratamiento para disminuir la alta contaminaci\u00f3n y la emisi\u00f3n de gases de efecto invernadero; no a tala de \u00e1rboles, ni al ecocidio\u201d, se\u00f1al\u00f3.<\/p>\n<p>&nbsp;<\/p>\n<p dir=\"ltr\">Originario de la Ciudad de M\u00e9xico, con 30 a\u00f1os de residencia en Veracruz, el licenciado en Administraci\u00f3n Industrial por el Instituto Polit\u00e9cnico Nacional ha participado en proyectos de generaci\u00f3n de energ\u00eda el\u00e9ctrica a trav\u00e9s de campos e\u00f3licos y fotovoltaicos; ha sido fuerte impulsor en la promoci\u00f3n y construcci\u00f3n de gasoductos, espec\u00edficamente de gas natural.<\/p>\n<p>&nbsp;<\/p>\n<p dir=\"ltr\">En presencia de la presidenta del Tribunal Superior de Justicia, Lisbeth Aurelia Jim\u00e9nez Aguirre, la titular de la mesa directiva del Congreso local, diputada Adriana Esther Mart\u00ednez S\u00e1nchez, acentu\u00f3 que, en la actual administraci\u00f3n, y con el acompa\u00f1amiento de la participaci\u00f3n ciudadana, el medio ambiente se atiende con seriedad y determinaci\u00f3n generando resultados positivos.<\/p>\n","protected":false},"excerpt":{"rendered":"<p>*Galardonan los tres Poderes del Estado a promotor de energ\u00edas renovables *Reconocen tambi\u00e9n a brigadistas que apagaron incendios forestales &nbsp; Xalapa, Ver., 26 de junio de 2024.-\u00a0Frente a la lecci\u00f3n que la naturaleza nos ha dado este a\u00f1o, desde el Gobierno del Estado trabajamos por la restauraci\u00f3n ambiental y haremos el esfuerzo m\u00e1s grande en&#8230;<\/p>\n","protected":false},"author":2,"featured_media":2293,"comment_status":"closed","ping_status":"closed","sticky":false,"template":"","format":"standard","meta":{"_jetpack_memberships_contains_paid_content":false,"footnotes":"","jetpack_publicize_message":"","jetpack_publicize_feature_enabled":true,"jetpack_social_post_already_shared":true,"jetpack_social_options":{"image_generator_settings":{"template":"highway","default_image_id":0,"font":"","enabled":false},"version":2}},"categories":[2],"tags":[],"class_list":["post-2292","post","type-post","status-publish","format-standard","has-post-thumbnail","hentry","category-gobiernoestatal"],"jetpack_publicize_connections":[],"jetpack_featured_media_url":"https:\/\/veracruzanosexcepcionahles.com\/wp-content\/uploads\/2024\/06\/MEDALLA-MERITO-AMBIENTAL-2-scaled.jpeg","jetpack_sharing_enabled":true,"jetpack_likes_enabled":true,"jetpack_shortlink":"https:\/\/wp.me\/pe8dhK-AY","_links":{"self":[{"href":"https:\/\/veracruzanosexcepcionahles.com\/index.php\/wp-json\/wp\/v2\/posts\/2292","targetHints":{"allow":["GET"]}}],"collection":[{"href":"https:\/\/veracruzanosexcepcionahles.com\/index.php\/wp-json\/wp\/v2\/posts"}],"about":[{"href":"https:\/\/veracruzanosexcepcionahles.com\/index.php\/wp-json\/wp\/v2\/types\/post"}],"author":[{"embeddable":true,"href":"https:\/\/veracruzanosexcepcionahles.com\/index.php\/wp-json\/wp\/v2\/users\/2"}],"replies":[{"embeddable":true,"href":"https:\/\/veracruzanosexcepcionahles.com\/index.php\/wp-json\/wp\/v2\/comments?post=2292"}],"version-history":[{"count":0,"href":"https:\/\/veracruzanosexcepcionahles.com\/index.php\/wp-json\/wp\/v2\/posts\/2292\/revisions"}],"wp:featuredmedia":[{"embeddable":true,"href":"https:\/\/veracruzanosexcepcionahles.com\/index.php\/wp-json\/wp\/v2\/media\/2293"}],"wp:attachment":[{"href":"https:\/\/veracruzanosexcepcionahles.com\/index.php\/wp-json\/wp\/v2\/media?parent=2292"}],"wp:term":[{"taxonomy":"category","embeddable":true,"href":"https:\/\/veracruzanosexcepcionahles.com\/index.php\/wp-json\/wp\/v2\/categories?post=2292"},{"taxonomy":"post_tag","embeddable":true,"href":"https:\/\/veracruzanosexcepcionahles.com\/index.php\/wp-json\/wp\/v2\/tags?post=2292"}],"curies":[{"name":"wp","href":"https:\/\/api.w.org\/{rel}","templated":true}]}}