{"id":2205,"date":"2024-06-13T22:20:54","date_gmt":"2024-06-14T04:20:54","guid":{"rendered":"https:\/\/veracruzanosexcepcionahles.com\/?p=2205"},"modified":"2024-06-13T22:20:54","modified_gmt":"2024-06-14T04:20:54","slug":"el-peque-jesus-hernandez-regresa-a-la-politica-mas-renovado-que-nunca","status":"publish","type":"post","link":"https:\/\/veracruzanosexcepcionahles.com\/index.php\/2024\/06\/13\/el-peque-jesus-hernandez-regresa-a-la-politica-mas-renovado-que-nunca\/","title":{"rendered":"\u201cEl Peque\u201d Jes\u00fas Hern\u00e1ndez regresa a la pol\u00edtica m\u00e1s renovado que nunca."},"content":{"rendered":"<p>\/Por: Pepe Villegas<\/p>\n<p>El Lic. Jes\u00fas Miguel Hern\u00e1ndez Medina regresa con m\u00e1s energ\u00eda al \u00e1mbito pol\u00edtico, \u201cEl Peque\u201d como es conocido en el norte del estado en donde tiene su mayor influencia social y pol\u00edtica.<br \/>\nY es que el oriundo del municipio de El Higo, est\u00e1 de nuevo en la jugada pol\u00edtica como Coordinador Regional de la Asociaci\u00f3n Pol\u00edtica Estatal Por La Evoluci\u00f3n (UVES), a pesar de tropiezos y dificultades tanto de salud, como de grillas, est\u00e1 completamente renovado en la pol\u00edtica, una palabra que lleva en la sangre y en su mente, lo apasiona el servir a la sociedad y como cualquier veracruzano tiene sue\u00f1os de trabajar para su gente.<br \/>\nHa recorrido los 35 municipios de su zona que son sin duda una raz\u00f3n para decir que no es f\u00e1cil el reto, pero cuando se tienen ganas nada es imposible, Poza Rica, \u00c1lamo, Tempoal, El Higo y P\u00e1nuco, son algunos de los que pertenecen a su demarcaci\u00f3n territorial, pero conociendo al muchacho sencillo y trabajador, no dudamos que muy pronto lo veremos dentro de la pol\u00edtica a nivel nacional, tiene un gran proyecto y el estar de cerca a la gente es muy importante, ya que lo conocen y saben de su trabajo no de tiempos electorales, sino desde mucho antes en que ha venido realizando acciones que favorecen a los grupos m\u00e1s vulnerables.<br \/>\nSabemos lo inquieto que es y pronto estar\u00e1 dando noticias muy gratas para su gente, en donde ha acudido siempre ha sido bien recibido, porque sabe extender su mano amiga a quien lo necesita y valora, es un l\u00edder y gestor natural de apoyos para los municipios y colonias del Distrito 01, no lo perdamos de vista.<\/p>\n","protected":false},"excerpt":{"rendered":"<p>\/Por: Pepe Villegas El Lic. Jes\u00fas Miguel Hern\u00e1ndez Medina regresa con m\u00e1s energ\u00eda al \u00e1mbito pol\u00edtico, \u201cEl Peque\u201d como es conocido en el norte del estado en donde tiene su mayor influencia social y pol\u00edtica. Y es que el oriundo del municipio de El Higo, est\u00e1 de nuevo en la jugada pol\u00edtica como Coordinador Regional&#8230;<\/p>\n","protected":false},"author":2,"featured_media":2206,"comment_status":"closed","ping_status":"closed","sticky":false,"template":"","format":"standard","meta":{"_jetpack_memberships_contains_paid_content":false,"footnotes":"","jetpack_publicize_message":"","jetpack_publicize_feature_enabled":true,"jetpack_social_post_already_shared":true,"jetpack_social_options":{"image_generator_settings":{"template":"highway","default_image_id":0,"font":"","enabled":false},"version":2}},"categories":[22],"tags":[],"class_list":["post-2205","post","type-post","status-publish","format-standard","has-post-thumbnail","hentry","category-editorial"],"jetpack_publicize_connections":[],"jetpack_featured_media_url":"https:\/\/veracruzanosexcepcionahles.com\/wp-content\/uploads\/2024\/06\/WhatsApp-Image-2024-06-13-at-6.27.04-PM.jpeg","jetpack_sharing_enabled":true,"jetpack_likes_enabled":true,"jetpack_shortlink":"https:\/\/wp.me\/pe8dhK-zz","_links":{"self":[{"href":"https:\/\/veracruzanosexcepcionahles.com\/index.php\/wp-json\/wp\/v2\/posts\/2205","targetHints":{"allow":["GET"]}}],"collection":[{"href":"https:\/\/veracruzanosexcepcionahles.com\/index.php\/wp-json\/wp\/v2\/posts"}],"about":[{"href":"https:\/\/veracruzanosexcepcionahles.com\/index.php\/wp-json\/wp\/v2\/types\/post"}],"author":[{"embeddable":true,"href":"https:\/\/veracruzanosexcepcionahles.com\/index.php\/wp-json\/wp\/v2\/users\/2"}],"replies":[{"embeddable":true,"href":"https:\/\/veracruzanosexcepcionahles.com\/index.php\/wp-json\/wp\/v2\/comments?post=2205"}],"version-history":[{"count":0,"href":"https:\/\/veracruzanosexcepcionahles.com\/index.php\/wp-json\/wp\/v2\/posts\/2205\/revisions"}],"wp:featuredmedia":[{"embeddable":true,"href":"https:\/\/veracruzanosexcepcionahles.com\/index.php\/wp-json\/wp\/v2\/media\/2206"}],"wp:attachment":[{"href":"https:\/\/veracruzanosexcepcionahles.com\/index.php\/wp-json\/wp\/v2\/media?parent=2205"}],"wp:term":[{"taxonomy":"category","embeddable":true,"href":"https:\/\/veracruzanosexcepcionahles.com\/index.php\/wp-json\/wp\/v2\/categories?post=2205"},{"taxonomy":"post_tag","embeddable":true,"href":"https:\/\/veracruzanosexcepcionahles.com\/index.php\/wp-json\/wp\/v2\/tags?post=2205"}],"curies":[{"name":"wp","href":"https:\/\/api.w.org\/{rel}","templated":true}]}}