{"id":2195,"date":"2024-06-13T16:13:51","date_gmt":"2024-06-13T22:13:51","guid":{"rendered":"https:\/\/veracruzanosexcepcionahles.com\/?p=2195"},"modified":"2024-06-13T16:13:51","modified_gmt":"2024-06-13T22:13:51","slug":"xochitl-molina-a-cultura-anuncia-rocio-nahle","status":"publish","type":"post","link":"https:\/\/veracruzanosexcepcionahles.com\/index.php\/2024\/06\/13\/xochitl-molina-a-cultura-anuncia-rocio-nahle\/","title":{"rendered":"X\u00d3CHITL MOLINA A CULTURA ANUNCIA ROC\u00cdO NAHLE"},"content":{"rendered":"<p>Boca del R\u00edo, Ver., jueves 13 de junio de 2024.- La maestra Mar\u00eda X\u00f3chitl Molina Gonz\u00e1lez, asumir\u00e1 en diciembre la titularidad de la Secretar\u00eda de Cultura del Estado a invitaci\u00f3n de la Ing. Roc\u00edo Nahle Garc\u00eda, gobernadora electa de Veracruz.<\/p>\n<p>Con una gran trayectoria en asuntos ind\u00edgenas, fue comisionada de los Pueblos Ind\u00edgenas en el actual gobierno y extitular del Instituto Veracruzano de Asuntos Ind\u00edgenas.<\/p>\n<p>Es originaria de Tatahuicapan de Ju\u00e1rez, profesora de primaria y cuenta con un<br \/>\nDiplomado Dial\u00f3gico en historia social y oral, cuenta con una Maestr\u00eda en Gobierno as\u00ed como con una Licenciatura en Pedagog\u00eda por la Universidad Pedag\u00f3gica Nacional (UPN)<\/p>\n<p>Ha sido tambi\u00e9n Coordinadora Regional en los Estados de Oaxaca, Puebla y Veracruz, de los Programa FAPPA Y PROMUSAG, de la Secretar\u00eda de Desarrollo Agrario, Territorial y Urbano (SEDATU); Directora General del Programa de Desarrollo e Integraci\u00f3n de las Zonas Serranas y la Poblaci\u00f3n Ind\u00edgena. Secretar\u00eda de Desarrollo Social, SEGOB y Docente de Educaci\u00f3n Primaria Ind\u00edgena en la SEV, entre otros cargos.<\/p>\n","protected":false},"excerpt":{"rendered":"<p>Boca del R\u00edo, Ver., jueves 13 de junio de 2024.- La maestra Mar\u00eda X\u00f3chitl Molina Gonz\u00e1lez, asumir\u00e1 en diciembre la titularidad de la Secretar\u00eda de Cultura del Estado a invitaci\u00f3n de la Ing. Roc\u00edo Nahle Garc\u00eda, gobernadora electa de Veracruz. Con una gran trayectoria en asuntos ind\u00edgenas, fue comisionada de los Pueblos Ind\u00edgenas en el&#8230;<\/p>\n","protected":false},"author":2,"featured_media":2196,"comment_status":"closed","ping_status":"closed","sticky":false,"template":"","format":"standard","meta":{"_jetpack_memberships_contains_paid_content":false,"footnotes":"","jetpack_publicize_message":"","jetpack_publicize_feature_enabled":true,"jetpack_social_post_already_shared":true,"jetpack_social_options":{"image_generator_settings":{"template":"highway","default_image_id":0,"font":"","enabled":false},"version":2}},"categories":[23],"tags":[],"class_list":["post-2195","post","type-post","status-publish","format-standard","has-post-thumbnail","hentry","category-actividadesnahle"],"jetpack_publicize_connections":[],"jetpack_featured_media_url":"https:\/\/veracruzanosexcepcionahles.com\/wp-content\/uploads\/2024\/06\/WhatsApp-Image-2024-06-13-at-3.30.57-PM.jpeg","jetpack_sharing_enabled":true,"jetpack_likes_enabled":true,"jetpack_shortlink":"https:\/\/wp.me\/pe8dhK-zp","_links":{"self":[{"href":"https:\/\/veracruzanosexcepcionahles.com\/index.php\/wp-json\/wp\/v2\/posts\/2195","targetHints":{"allow":["GET"]}}],"collection":[{"href":"https:\/\/veracruzanosexcepcionahles.com\/index.php\/wp-json\/wp\/v2\/posts"}],"about":[{"href":"https:\/\/veracruzanosexcepcionahles.com\/index.php\/wp-json\/wp\/v2\/types\/post"}],"author":[{"embeddable":true,"href":"https:\/\/veracruzanosexcepcionahles.com\/index.php\/wp-json\/wp\/v2\/users\/2"}],"replies":[{"embeddable":true,"href":"https:\/\/veracruzanosexcepcionahles.com\/index.php\/wp-json\/wp\/v2\/comments?post=2195"}],"version-history":[{"count":0,"href":"https:\/\/veracruzanosexcepcionahles.com\/index.php\/wp-json\/wp\/v2\/posts\/2195\/revisions"}],"wp:featuredmedia":[{"embeddable":true,"href":"https:\/\/veracruzanosexcepcionahles.com\/index.php\/wp-json\/wp\/v2\/media\/2196"}],"wp:attachment":[{"href":"https:\/\/veracruzanosexcepcionahles.com\/index.php\/wp-json\/wp\/v2\/media?parent=2195"}],"wp:term":[{"taxonomy":"category","embeddable":true,"href":"https:\/\/veracruzanosexcepcionahles.com\/index.php\/wp-json\/wp\/v2\/categories?post=2195"},{"taxonomy":"post_tag","embeddable":true,"href":"https:\/\/veracruzanosexcepcionahles.com\/index.php\/wp-json\/wp\/v2\/tags?post=2195"}],"curies":[{"name":"wp","href":"https:\/\/api.w.org\/{rel}","templated":true}]}}