{"id":2156,"date":"2024-06-11T13:59:13","date_gmt":"2024-06-11T19:59:13","guid":{"rendered":"https:\/\/veracruzanosexcepcionahles.com\/?p=2156"},"modified":"2024-06-11T13:59:13","modified_gmt":"2024-06-11T19:59:13","slug":"la-paz-es-responsabilidad-de-todos-invita-gobernador-a-jovenes-a-construirla-juntos","status":"publish","type":"post","link":"https:\/\/veracruzanosexcepcionahles.com\/index.php\/2024\/06\/11\/la-paz-es-responsabilidad-de-todos-invita-gobernador-a-jovenes-a-construirla-juntos\/","title":{"rendered":"La paz es responsabilidad de todos; invita Gobernador a j\u00f3venes a construirla juntos"},"content":{"rendered":"<p>*Inaugura feria de seguridad y desarme voluntario<br \/>\n*Canje estar\u00e1 abierto hasta el 15 de junio, de 10:00 a 16:00 horas<\/p>\n<p>Boca del R\u00edo, Ver., 11 de junio de 2024.- M\u00e1s de 20 dependencias federales y estatales instalaron en el World Trade Center la Feria de Paz y Desarme Voluntario, estrategia que busca promover entre la poblaci\u00f3n valores, actitudes y comportamientos que inhiban cualquier manifestaci\u00f3n de violencia y adicciones en los entornos familiar, escolar y social.<\/p>\n<p>Previo a la inauguraci\u00f3n, el gobernador Cuitl\u00e1huac Garc\u00eda Jim\u00e9nez enfatiz\u00f3 que la juventud es el sector clave en la construcci\u00f3n del bienestar, por lo cual llam\u00f3 a estudiantes de secundaria y preparatoria a colaborar en este esfuerzo institucional, conociendo los esquemas de prevenci\u00f3n del delito y difundiendo campa\u00f1as contra el uso de armas y drogas.<\/p>\n<p>El evento tiene la finalidad de brindar servicios de salud gratuitos, asesor\u00edas en violencia de g\u00e9nero y protecci\u00f3n de los derechos de mujeres, ni\u00f1os y adolescentes, adem\u00e1s de promoci\u00f3n de eventos deportivos, culturales y art\u00edsticos, \u201cporque la paz es responsabilidad de todas y todos\u201d, agreg\u00f3 el mandatario.<\/p>\n<p>Dirigida por la Secretar\u00eda de Seguridad y Protecci\u00f3n Ciudadana, la feria refuerza la estrategia estatal de seguridad que trabaja diariamente en el compromiso, principalmente con los j\u00f3venes, de garantizar que no haya delitos y que todos puedan caminar tranquilos a su escuela y llegar sanos y salvos a casa\u201d, reconoci\u00f3 la jefa de Pol\u00edticas para la Construcci\u00f3n de la Paz con Entidades y Regiones, Martha L\u00f3pez L\u00f3pez.<\/p>\n<p>Sumado a lo anterior, hasta el 15 de junio permanecer\u00e1 la campa\u00f1a de canje de armas, municiones y explosivos por dinero en efectivo, de 10:00 a 16:00 horas, donde el Ej\u00e9rcito Mexicano recibir\u00e1 cualquier artefacto sin cuestionamientos ni consecuencias legales o jur\u00eddicas. Asiste al m\u00f3dulo en los salones Taj\u00edn 3 y 4 del centro de convenciones y contribuye al bienestar de las familias veracruzanas.<\/p>\n","protected":false},"excerpt":{"rendered":"<p>*Inaugura feria de seguridad y desarme voluntario *Canje estar\u00e1 abierto hasta el 15 de junio, de 10:00 a 16:00 horas Boca del R\u00edo, Ver., 11 de junio de 2024.- M\u00e1s de 20 dependencias federales y estatales instalaron en el World Trade Center la Feria de Paz y Desarme Voluntario, estrategia que busca promover entre la&#8230;<\/p>\n","protected":false},"author":2,"featured_media":2157,"comment_status":"closed","ping_status":"closed","sticky":false,"template":"","format":"standard","meta":{"_jetpack_memberships_contains_paid_content":false,"footnotes":"","jetpack_publicize_message":"","jetpack_publicize_feature_enabled":true,"jetpack_social_post_already_shared":true,"jetpack_social_options":{"image_generator_settings":{"template":"highway","default_image_id":0,"font":"","enabled":false},"version":2}},"categories":[2],"tags":[],"class_list":["post-2156","post","type-post","status-publish","format-standard","has-post-thumbnail","hentry","category-gobiernoestatal"],"jetpack_publicize_connections":[],"jetpack_featured_media_url":"https:\/\/veracruzanosexcepcionahles.com\/wp-content\/uploads\/2024\/06\/JPGD.png","jetpack_sharing_enabled":true,"jetpack_likes_enabled":true,"jetpack_shortlink":"https:\/\/wp.me\/pe8dhK-yM","_links":{"self":[{"href":"https:\/\/veracruzanosexcepcionahles.com\/index.php\/wp-json\/wp\/v2\/posts\/2156","targetHints":{"allow":["GET"]}}],"collection":[{"href":"https:\/\/veracruzanosexcepcionahles.com\/index.php\/wp-json\/wp\/v2\/posts"}],"about":[{"href":"https:\/\/veracruzanosexcepcionahles.com\/index.php\/wp-json\/wp\/v2\/types\/post"}],"author":[{"embeddable":true,"href":"https:\/\/veracruzanosexcepcionahles.com\/index.php\/wp-json\/wp\/v2\/users\/2"}],"replies":[{"embeddable":true,"href":"https:\/\/veracruzanosexcepcionahles.com\/index.php\/wp-json\/wp\/v2\/comments?post=2156"}],"version-history":[{"count":0,"href":"https:\/\/veracruzanosexcepcionahles.com\/index.php\/wp-json\/wp\/v2\/posts\/2156\/revisions"}],"wp:featuredmedia":[{"embeddable":true,"href":"https:\/\/veracruzanosexcepcionahles.com\/index.php\/wp-json\/wp\/v2\/media\/2157"}],"wp:attachment":[{"href":"https:\/\/veracruzanosexcepcionahles.com\/index.php\/wp-json\/wp\/v2\/media?parent=2156"}],"wp:term":[{"taxonomy":"category","embeddable":true,"href":"https:\/\/veracruzanosexcepcionahles.com\/index.php\/wp-json\/wp\/v2\/categories?post=2156"},{"taxonomy":"post_tag","embeddable":true,"href":"https:\/\/veracruzanosexcepcionahles.com\/index.php\/wp-json\/wp\/v2\/tags?post=2156"}],"curies":[{"name":"wp","href":"https:\/\/api.w.org\/{rel}","templated":true}]}}