{"id":1999,"date":"2024-05-20T22:55:54","date_gmt":"2024-05-21T04:55:54","guid":{"rendered":"https:\/\/veracruzanosexcepcionahles.com\/?p=1999"},"modified":"2024-05-20T22:55:54","modified_gmt":"2024-05-21T04:55:54","slug":"becas-universales-para-nuestros-estudiantes-con-claudia-sheinbaum-anuncia-rocio-nahle","status":"publish","type":"post","link":"https:\/\/veracruzanosexcepcionahles.com\/index.php\/2024\/05\/20\/becas-universales-para-nuestros-estudiantes-con-claudia-sheinbaum-anuncia-rocio-nahle\/","title":{"rendered":"BECAS UNIVERSALES PARA NUESTROS ESTUDIANTES CON CLAUDIA SHEINBAUM ANUNCIA ROC\u00cdO NAHLE"},"content":{"rendered":"<p>Mariano Escobedo, Ver., lunes 20 de mayo de 2024.- Nuestra pr\u00f3xima presidenta Claudia Sheinbaum garantizar\u00e1 la beca universal para nuestros estudiantes de escuelas p\u00fablicas, asegur\u00f3 la candidata a la gubernatura de Veracruz por Morena, PT, PVEM y Fuerza por M\u00e9xico, Roc\u00edo Nahle Garc\u00eda.<\/p>\n<p>En esta regi\u00f3n, destac\u00f3 que este programa fue habilitado por Sheinbaum Pardo cuando fue jefa de gobierno de Ciudad de M\u00e9xico con \u00e9xito y resultados positivos.<\/p>\n<p>\u201cTambi\u00e9n hay otro programa para todos los ni\u00f1os y todas las ni\u00f1as de escuelas p\u00fablicas, de preescolar, primaria y secundaria que est\u00e9n en escuelas p\u00fablicas se les va a dar una peque\u00f1a beca\u201d, puntualiz\u00f3.<\/p>\n<p>Por ello, es importante subrayar que varios programas que fueron un \u00e9xito en su gesti\u00f3n ser\u00e1n ampliados y mejorados a nivel nacional.<\/p>\n<p>En el caso de las becas universales, expuso Nahle Garc\u00eda, es un gran programa de justicia social y en apego al derecho supremo de los ni\u00f1os \u201cpara eso se est\u00e1 haciendo este programa\u201d, puntualiz\u00f3.<\/p>\n<p>Con Claudia Sheinbaum agreg\u00f3 Roc\u00edo Nahle, se mantendr\u00e1n y ampliar\u00e1n adem\u00e1s todos los programas sociales que ya son ley gracias al presidente Andr\u00e9s Manuel L\u00f3pez Obrador.<\/p>\n<p>Adem\u00e1s del programa de becas universales tambi\u00e9n habr\u00e1 uno m\u00e1s para mujeres de 60 a 64 a\u00f1os cuya vida laboral activa es compleja y requieren el apoyo del gobierno para mantener un nivel de vida digno.<\/p>\n<p>\u201cVengo a decirles a todos, todos los programas sociales que ya puso Andr\u00e9s Manuel L\u00f3pez Obrador van a continuar todos, para que no haya dudas, todos, pero Claudia Sheinbaum sum\u00f3 dos programas m\u00e1s, sum\u00f3 varios pero hay dos programas muy interesantes, primero un programa para mujeres de 60 a 64 a\u00f1os\u201d, subray\u00f3.<\/p>\n","protected":false},"excerpt":{"rendered":"<p>Mariano Escobedo, Ver., lunes 20 de mayo de 2024.- Nuestra pr\u00f3xima presidenta Claudia Sheinbaum garantizar\u00e1 la beca universal para nuestros estudiantes de escuelas p\u00fablicas, asegur\u00f3 la candidata a la gubernatura de Veracruz por Morena, PT, PVEM y Fuerza por M\u00e9xico, Roc\u00edo Nahle Garc\u00eda. En esta regi\u00f3n, destac\u00f3 que este programa fue habilitado por Sheinbaum Pardo&#8230;<\/p>\n","protected":false},"author":2,"featured_media":2000,"comment_status":"closed","ping_status":"closed","sticky":false,"template":"","format":"standard","meta":{"_jetpack_memberships_contains_paid_content":false,"footnotes":"","jetpack_publicize_message":"","jetpack_publicize_feature_enabled":true,"jetpack_social_post_already_shared":true,"jetpack_social_options":{"image_generator_settings":{"template":"highway","default_image_id":0,"font":"","enabled":false},"version":2}},"categories":[23],"tags":[],"class_list":["post-1999","post","type-post","status-publish","format-standard","has-post-thumbnail","hentry","category-actividadesnahle"],"jetpack_publicize_connections":[],"jetpack_featured_media_url":"https:\/\/veracruzanosexcepcionahles.com\/wp-content\/uploads\/2024\/05\/048ec352-820c-4c95-83b9-1963a96341a2-scaled.jpg","jetpack_sharing_enabled":true,"jetpack_likes_enabled":true,"jetpack_shortlink":"https:\/\/wp.me\/pe8dhK-wf","_links":{"self":[{"href":"https:\/\/veracruzanosexcepcionahles.com\/index.php\/wp-json\/wp\/v2\/posts\/1999","targetHints":{"allow":["GET"]}}],"collection":[{"href":"https:\/\/veracruzanosexcepcionahles.com\/index.php\/wp-json\/wp\/v2\/posts"}],"about":[{"href":"https:\/\/veracruzanosexcepcionahles.com\/index.php\/wp-json\/wp\/v2\/types\/post"}],"author":[{"embeddable":true,"href":"https:\/\/veracruzanosexcepcionahles.com\/index.php\/wp-json\/wp\/v2\/users\/2"}],"replies":[{"embeddable":true,"href":"https:\/\/veracruzanosexcepcionahles.com\/index.php\/wp-json\/wp\/v2\/comments?post=1999"}],"version-history":[{"count":0,"href":"https:\/\/veracruzanosexcepcionahles.com\/index.php\/wp-json\/wp\/v2\/posts\/1999\/revisions"}],"wp:featuredmedia":[{"embeddable":true,"href":"https:\/\/veracruzanosexcepcionahles.com\/index.php\/wp-json\/wp\/v2\/media\/2000"}],"wp:attachment":[{"href":"https:\/\/veracruzanosexcepcionahles.com\/index.php\/wp-json\/wp\/v2\/media?parent=1999"}],"wp:term":[{"taxonomy":"category","embeddable":true,"href":"https:\/\/veracruzanosexcepcionahles.com\/index.php\/wp-json\/wp\/v2\/categories?post=1999"},{"taxonomy":"post_tag","embeddable":true,"href":"https:\/\/veracruzanosexcepcionahles.com\/index.php\/wp-json\/wp\/v2\/tags?post=1999"}],"curies":[{"name":"wp","href":"https:\/\/api.w.org\/{rel}","templated":true}]}}