{"id":1993,"date":"2024-05-20T22:49:55","date_gmt":"2024-05-21T04:49:55","guid":{"rendered":"https:\/\/veracruzanosexcepcionahles.com\/?p=1993"},"modified":"2024-05-20T22:49:55","modified_gmt":"2024-05-21T04:49:55","slug":"crearemos-centros-publicos-de-educacion-para-la-primera-infancia-claudia-tello","status":"publish","type":"post","link":"https:\/\/veracruzanosexcepcionahles.com\/index.php\/2024\/05\/20\/crearemos-centros-publicos-de-educacion-para-la-primera-infancia-claudia-tello\/","title":{"rendered":"CREAREMOS CENTROS P\u00daBLICOS DE EDUCACI\u00d3N PARA LA PRIMERA INFANCIA: CLAUDIA TELLO."},"content":{"rendered":"<p>^El puerto y Boca del R\u00edo, el b\u00fanker de Morena.<\/p>\n<p>Veracruz, Ver., lunes 20 de mayo de 2024.- Con la finalidad de dar certeza a las mujeres trabajadoras y como parte de la creaci\u00f3n de un Sistema Nacional de Cuidados, la aspirante al Senado de la Rep\u00fablica por Morena, PT, PVEM y Fuerza por M\u00e9xico, Claudia Tello Espinosa asegur\u00f3 que tras ganar las elecciones del pr\u00f3ximo 2 de junio, se abrir\u00e1n centros de educaci\u00f3n para la primera infancia.<\/p>\n<p>Lo anterior, como apoyo a las mujeres que d\u00eda con d\u00eda salen a trabajar para sacar adelante a sus hijos, por lo que durante el pr\u00f3ximo sexenio se buscar\u00e1 abrir estos espacios para que las madres de familia tengan la certeza de que sus hijos e hijas est\u00e1n bien cuidados.<\/p>\n<p>La abanderada de la coalici\u00f3n Morena, Partido Verde, Partido del Trabajo y Fuerza por M\u00e9xico, quien recorre incansable las colonias y fraccionamientos del puerto de Veracruz con los candidatos a diputado local por el distrito XV, Pep\u00edn Ru\u00edz y a la diputaci\u00f3n federal por el distrito XII, Rosa Mar\u00eda Hern\u00e1ndez Espejo, mencion\u00f3 que dicho programa forma parte de los 100 compromisos de la candidata a la presidencia de la Rep\u00fablica, Claudia Sheinbaum para crear una Rep\u00fablica de y para las mujeres.<\/p>\n<p>Tello Espinosa recalc\u00f3 que estos centros de educaci\u00f3n inicial no son guarder\u00edas ni estancias infantiles como las de los gobiernos neoliberales \u2013 en donde imperaba la corrupci\u00f3n- y mencion\u00f3 que dar\u00e1n prioridad a las hijas e hijos de mujeres jornaleras agr\u00edcolas y a las trabajadoras de maquilas al norte del pa\u00eds.<\/p>\n<p>Asimismo, mencion\u00f3 que tal y como lo anunci\u00f3 Sheinbaum Pardo, dicho programa se desarrollar\u00e1 a trav\u00e9s de la Secretar\u00eda de Educaci\u00f3n P\u00fablica (SEP) y del DIF, de tal manera que todas las mujeres sean apoyadas.<\/p>\n<p>A tan solo unos d\u00edas de la jornada electoral del 2 de junio, la abanderada de Morena contin\u00faa recorriendo diversos municipios de la entidad refrendando el compromiso de la coalici\u00f3n que representa en pro del bienestar de todas y todos los mexicanos.<\/p>\n","protected":false},"excerpt":{"rendered":"<p>^El puerto y Boca del R\u00edo, el b\u00fanker de Morena. Veracruz, Ver., lunes 20 de mayo de 2024.- Con la finalidad de dar certeza a las mujeres trabajadoras y como parte de la creaci\u00f3n de un Sistema Nacional de Cuidados, la aspirante al Senado de la Rep\u00fablica por Morena, PT, PVEM y Fuerza por M\u00e9xico,&#8230;<\/p>\n","protected":false},"author":2,"featured_media":1994,"comment_status":"closed","ping_status":"closed","sticky":false,"template":"","format":"standard","meta":{"_jetpack_memberships_contains_paid_content":false,"footnotes":"","jetpack_publicize_message":"","jetpack_publicize_feature_enabled":true,"jetpack_social_post_already_shared":true,"jetpack_social_options":{"image_generator_settings":{"template":"highway","default_image_id":0,"font":"","enabled":false},"version":2}},"categories":[3],"tags":[],"class_list":["post-1993","post","type-post","status-publish","format-standard","has-post-thumbnail","hentry","category-politica"],"jetpack_publicize_connections":[],"jetpack_featured_media_url":"https:\/\/veracruzanosexcepcionahles.com\/wp-content\/uploads\/2024\/05\/8e896271-1c5a-4751-b8fb-d86a25f62483.jpg","jetpack_sharing_enabled":true,"jetpack_likes_enabled":true,"jetpack_shortlink":"https:\/\/wp.me\/pe8dhK-w9","_links":{"self":[{"href":"https:\/\/veracruzanosexcepcionahles.com\/index.php\/wp-json\/wp\/v2\/posts\/1993","targetHints":{"allow":["GET"]}}],"collection":[{"href":"https:\/\/veracruzanosexcepcionahles.com\/index.php\/wp-json\/wp\/v2\/posts"}],"about":[{"href":"https:\/\/veracruzanosexcepcionahles.com\/index.php\/wp-json\/wp\/v2\/types\/post"}],"author":[{"embeddable":true,"href":"https:\/\/veracruzanosexcepcionahles.com\/index.php\/wp-json\/wp\/v2\/users\/2"}],"replies":[{"embeddable":true,"href":"https:\/\/veracruzanosexcepcionahles.com\/index.php\/wp-json\/wp\/v2\/comments?post=1993"}],"version-history":[{"count":0,"href":"https:\/\/veracruzanosexcepcionahles.com\/index.php\/wp-json\/wp\/v2\/posts\/1993\/revisions"}],"wp:featuredmedia":[{"embeddable":true,"href":"https:\/\/veracruzanosexcepcionahles.com\/index.php\/wp-json\/wp\/v2\/media\/1994"}],"wp:attachment":[{"href":"https:\/\/veracruzanosexcepcionahles.com\/index.php\/wp-json\/wp\/v2\/media?parent=1993"}],"wp:term":[{"taxonomy":"category","embeddable":true,"href":"https:\/\/veracruzanosexcepcionahles.com\/index.php\/wp-json\/wp\/v2\/categories?post=1993"},{"taxonomy":"post_tag","embeddable":true,"href":"https:\/\/veracruzanosexcepcionahles.com\/index.php\/wp-json\/wp\/v2\/tags?post=1993"}],"curies":[{"name":"wp","href":"https:\/\/api.w.org\/{rel}","templated":true}]}}