{"id":1959,"date":"2024-05-17T17:44:54","date_gmt":"2024-05-17T23:44:54","guid":{"rendered":"https:\/\/veracruzanosexcepcionahles.com\/?p=1959"},"modified":"2024-05-17T17:44:54","modified_gmt":"2024-05-17T23:44:54","slug":"este-2-de-junio-con-el-pueblo-seguiremos-haciendo-historia-mago-corro","status":"publish","type":"post","link":"https:\/\/veracruzanosexcepcionahles.com\/index.php\/2024\/05\/17\/este-2-de-junio-con-el-pueblo-seguiremos-haciendo-historia-mago-corro\/","title":{"rendered":"Este 2 de junio, con el pueblo seguiremos haciendo historia: Mago Corro"},"content":{"rendered":"<p>&#8211; En Tlalixcoyan, la poblaci\u00f3n expres\u00f3 su confianza en la continuaci\u00f3n de la transformaci\u00f3n con la candidata al Congreso de la Uni\u00f3n, para que persistan e incrementen los apoyos sociales<\/p>\n<p>En la etapa final de la campa\u00f1a, la candidata a la Diputaci\u00f3n Federal del Distrito 17, Mago Corro Mendoza, contin\u00faa recibiendo muestras de respaldo a su proyecto pol\u00edtico, el cual privilegia la participaci\u00f3n y contribuci\u00f3n ciudadana, porque con el pueblo se seguir\u00e1 haciendo historia.<\/p>\n<p>Durante su recorrido por las comunidades de Paso de la Boca, La Caldera y Cocuite, la doctora Corro reafirm\u00f3 su compromiso de trabajar desde el Congreso de la Uni\u00f3n para ampliar los programas de apoyo social y promover nuevas estrategias a nivel constitucional, incluyendo la reducci\u00f3n de cargos pol\u00edticos, la optimizaci\u00f3n del presupuesto y la eliminaci\u00f3n de organismos que han perdido su lealtad hacia la ciudadan\u00eda.<\/p>\n<p>&#8220;El Plan C representa la continuidad en el progreso y bienestar del pueblo. Observo un despertar social que rechaza las falsas promesas y pondr\u00e1 fin a los intereses de grupos reducidos que buscan mantenerse en el poder. Con el respaldo de su voto a favor de la transformaci\u00f3n, redoblaremos nuestros esfuerzos para garantizar que las demandas ciudadanas sean escuchadas y atendidas desde la presidencia de la Rep\u00fablica, la gubernatura, el Senado, el Congreso de la Uni\u00f3n y el Congreso local&#8221;, enfatiz\u00f3.<\/p>\n<p>En el di\u00e1logo directo con la poblaci\u00f3n de Tlalixcoyan, Corro Mendoza record\u00f3 que solo los candidatos de la alianza Morena-PVEM-PT tienen el compromiso de seguir respaldando el principio fundamental de &#8220;por el bien de todos, primero los pobres&#8221;, caracter\u00edstico de Morena. Destac\u00f3 que un voto masivo a este movimiento y sus aliados fortalecer\u00e1 el legado pol\u00edtico y human\u00edstico del presidente Andr\u00e9s Manuel L\u00f3pez Obrador.<\/p>\n<p>&#8220;Conf\u00edo en que seremos a\u00fan m\u00e1s quienes respaldemos la soberan\u00eda alimentaria, el bien com\u00fan, la autonom\u00eda energ\u00e9tica y la protecci\u00f3n de los sectores m\u00e1s vulnerables. El 2 de junio, tenemos una cita con la democracia en busca del bienestar de nuestras familias, amigos, vecinos y de toda nuestra comunidad. Sigamos haciendo historia juntos&#8221;, concluy\u00f3 Corro Mendoza.<\/p>\n","protected":false},"excerpt":{"rendered":"<p>&#8211; En Tlalixcoyan, la poblaci\u00f3n expres\u00f3 su confianza en la continuaci\u00f3n de la transformaci\u00f3n con la candidata al Congreso de la Uni\u00f3n, para que persistan e incrementen los apoyos sociales En la etapa final de la campa\u00f1a, la candidata a la Diputaci\u00f3n Federal del Distrito 17, Mago Corro Mendoza, contin\u00faa recibiendo muestras de respaldo a&#8230;<\/p>\n","protected":false},"author":2,"featured_media":1960,"comment_status":"closed","ping_status":"closed","sticky":false,"template":"","format":"standard","meta":{"_jetpack_memberships_contains_paid_content":false,"footnotes":"","jetpack_publicize_message":"","jetpack_publicize_feature_enabled":true,"jetpack_social_post_already_shared":true,"jetpack_social_options":{"image_generator_settings":{"template":"highway","default_image_id":0,"font":"","enabled":false},"version":2}},"categories":[3],"tags":[],"class_list":["post-1959","post","type-post","status-publish","format-standard","has-post-thumbnail","hentry","category-politica"],"jetpack_publicize_connections":[],"jetpack_featured_media_url":"https:\/\/veracruzanosexcepcionahles.com\/wp-content\/uploads\/2024\/05\/744844f9-716a-4141-99fc-be331cece76c.jpg","jetpack_sharing_enabled":true,"jetpack_likes_enabled":true,"jetpack_shortlink":"https:\/\/wp.me\/pe8dhK-vB","_links":{"self":[{"href":"https:\/\/veracruzanosexcepcionahles.com\/index.php\/wp-json\/wp\/v2\/posts\/1959","targetHints":{"allow":["GET"]}}],"collection":[{"href":"https:\/\/veracruzanosexcepcionahles.com\/index.php\/wp-json\/wp\/v2\/posts"}],"about":[{"href":"https:\/\/veracruzanosexcepcionahles.com\/index.php\/wp-json\/wp\/v2\/types\/post"}],"author":[{"embeddable":true,"href":"https:\/\/veracruzanosexcepcionahles.com\/index.php\/wp-json\/wp\/v2\/users\/2"}],"replies":[{"embeddable":true,"href":"https:\/\/veracruzanosexcepcionahles.com\/index.php\/wp-json\/wp\/v2\/comments?post=1959"}],"version-history":[{"count":0,"href":"https:\/\/veracruzanosexcepcionahles.com\/index.php\/wp-json\/wp\/v2\/posts\/1959\/revisions"}],"wp:featuredmedia":[{"embeddable":true,"href":"https:\/\/veracruzanosexcepcionahles.com\/index.php\/wp-json\/wp\/v2\/media\/1960"}],"wp:attachment":[{"href":"https:\/\/veracruzanosexcepcionahles.com\/index.php\/wp-json\/wp\/v2\/media?parent=1959"}],"wp:term":[{"taxonomy":"category","embeddable":true,"href":"https:\/\/veracruzanosexcepcionahles.com\/index.php\/wp-json\/wp\/v2\/categories?post=1959"},{"taxonomy":"post_tag","embeddable":true,"href":"https:\/\/veracruzanosexcepcionahles.com\/index.php\/wp-json\/wp\/v2\/tags?post=1959"}],"curies":[{"name":"wp","href":"https:\/\/api.w.org\/{rel}","templated":true}]}}