{"id":1956,"date":"2024-05-17T17:40:19","date_gmt":"2024-05-17T23:40:19","guid":{"rendered":"https:\/\/veracruzanosexcepcionahles.com\/?p=1956"},"modified":"2024-05-17T17:40:19","modified_gmt":"2024-05-17T23:40:19","slug":"los-derechos-humanos-van-ligados-con-el-respeto-a-nuestras-libertades-afirma-rocio-nahle","status":"publish","type":"post","link":"https:\/\/veracruzanosexcepcionahles.com\/index.php\/2024\/05\/17\/los-derechos-humanos-van-ligados-con-el-respeto-a-nuestras-libertades-afirma-rocio-nahle\/","title":{"rendered":"LOS DERECHOS HUMANOS VAN LIGADOS CON EL RESPETO A NUESTRAS LIBERTADES AFIRMA ROC\u00cdO NAHLE"},"content":{"rendered":"<p>Chumatl\u00e1n, Ver., viernes 17 de mayo de 2024.- En la segunda asamblea de este d\u00eda en la Sierra del Totonacapan, la candidata de Morena, PT, Partido Verde y Fuerza por M\u00e9xico, Roc\u00edo Nahle Garc\u00eda, afirm\u00f3 que dentro de los ocho ejes de trabajo que ha propuesto en su campa\u00f1a, el tema de Derechos Humanos y Seguridad ser\u00e1 prioritario para su gobierno.<\/p>\n<p>Mencion\u00f3 que el gobierno humanista que Andr\u00e9s Manuel L\u00f3pez Obrador ha implementado en M\u00e9xico ya se ve reflejado en todo el pa\u00eds y en la sociedad veracruzana, por lo qu\u00e9 trabajar en el respeto a nuestras libertades como la libertad de pensamiento, libertad de tr\u00e1nsito, libertad de credo, religi\u00f3n, libertad de expresi\u00f3n, por ejemplo, se basan en el respeto de ida y vuelta, es decir, en ser rec\u00edproco para qu\u00e9 nuestra sociedad pueda vivir tranquila y en paz.<\/p>\n<p>Roc\u00edo Nahle indic\u00f3 que en su gobierno se har\u00e1n campa\u00f1as para fomentar la concientizaci\u00f3n y tolerancia as\u00ed como un di\u00e1logo de puertas abiertas con diferentes colectivos o asociaciones civiles.<\/p>\n<p>En Chumatl\u00e1n, cuna de pueblos originarios, Nahle Garc\u00eda expres\u00f3 que su gobierno impulsar\u00e1 y aprobar\u00e1 la reforma presentada por el presidente L\u00f3pez Obrador para reconocer a los pueblos ind\u00edgenas, pueblos originarios y la comunidad afromexicana.<\/p>\n<p>\u201cTengo que hablar de los derechos humanos, de los derechos humanos, \u00bfqu\u00e9 son los derechos humanos?, la libertad de tr\u00e1nsito, la libertad de pensamiento, la libertad de culto o religi\u00f3n, la libertad a un proceso, transparente, digno, de justicia, ese es un derecho, pero hay un derecho esencial que Morena est\u00e1 impulsando, el derecho al reconocimiento a nuestros pueblos originarios y a los afromexicanos y esa propuesta ya la present\u00f3 el presidente L\u00f3pez Obrador y la vamos a apoyar con todo\u201d, subray\u00f3.<\/p>\n","protected":false},"excerpt":{"rendered":"<p>Chumatl\u00e1n, Ver., viernes 17 de mayo de 2024.- En la segunda asamblea de este d\u00eda en la Sierra del Totonacapan, la candidata de Morena, PT, Partido Verde y Fuerza por M\u00e9xico, Roc\u00edo Nahle Garc\u00eda, afirm\u00f3 que dentro de los ocho ejes de trabajo que ha propuesto en su campa\u00f1a, el tema de Derechos Humanos y&#8230;<\/p>\n","protected":false},"author":2,"featured_media":1957,"comment_status":"closed","ping_status":"closed","sticky":false,"template":"","format":"standard","meta":{"_jetpack_memberships_contains_paid_content":false,"footnotes":"","jetpack_publicize_message":"","jetpack_publicize_feature_enabled":true,"jetpack_social_post_already_shared":true,"jetpack_social_options":{"image_generator_settings":{"template":"highway","default_image_id":0,"font":"","enabled":false},"version":2}},"categories":[23],"tags":[],"class_list":["post-1956","post","type-post","status-publish","format-standard","has-post-thumbnail","hentry","category-actividadesnahle"],"jetpack_publicize_connections":[],"jetpack_featured_media_url":"https:\/\/veracruzanosexcepcionahles.com\/wp-content\/uploads\/2024\/05\/797e66bd-1b77-4d9f-87ae-70725d585ccd-scaled.jpg","jetpack_sharing_enabled":true,"jetpack_likes_enabled":true,"jetpack_shortlink":"https:\/\/wp.me\/pe8dhK-vy","_links":{"self":[{"href":"https:\/\/veracruzanosexcepcionahles.com\/index.php\/wp-json\/wp\/v2\/posts\/1956","targetHints":{"allow":["GET"]}}],"collection":[{"href":"https:\/\/veracruzanosexcepcionahles.com\/index.php\/wp-json\/wp\/v2\/posts"}],"about":[{"href":"https:\/\/veracruzanosexcepcionahles.com\/index.php\/wp-json\/wp\/v2\/types\/post"}],"author":[{"embeddable":true,"href":"https:\/\/veracruzanosexcepcionahles.com\/index.php\/wp-json\/wp\/v2\/users\/2"}],"replies":[{"embeddable":true,"href":"https:\/\/veracruzanosexcepcionahles.com\/index.php\/wp-json\/wp\/v2\/comments?post=1956"}],"version-history":[{"count":0,"href":"https:\/\/veracruzanosexcepcionahles.com\/index.php\/wp-json\/wp\/v2\/posts\/1956\/revisions"}],"wp:featuredmedia":[{"embeddable":true,"href":"https:\/\/veracruzanosexcepcionahles.com\/index.php\/wp-json\/wp\/v2\/media\/1957"}],"wp:attachment":[{"href":"https:\/\/veracruzanosexcepcionahles.com\/index.php\/wp-json\/wp\/v2\/media?parent=1956"}],"wp:term":[{"taxonomy":"category","embeddable":true,"href":"https:\/\/veracruzanosexcepcionahles.com\/index.php\/wp-json\/wp\/v2\/categories?post=1956"},{"taxonomy":"post_tag","embeddable":true,"href":"https:\/\/veracruzanosexcepcionahles.com\/index.php\/wp-json\/wp\/v2\/tags?post=1956"}],"curies":[{"name":"wp","href":"https:\/\/api.w.org\/{rel}","templated":true}]}}