{"id":1908,"date":"2024-05-13T23:23:40","date_gmt":"2024-05-14T05:23:40","guid":{"rendered":"https:\/\/veracruzanosexcepcionahles.com\/?p=1908"},"modified":"2024-05-13T23:23:40","modified_gmt":"2024-05-14T05:23:40","slug":"los-animales-tambien-tienen-derechos-y-los-vamos-a-defender-y-a-proteger-afirma-rocio-nahle","status":"publish","type":"post","link":"https:\/\/veracruzanosexcepcionahles.com\/index.php\/2024\/05\/13\/los-animales-tambien-tienen-derechos-y-los-vamos-a-defender-y-a-proteger-afirma-rocio-nahle\/","title":{"rendered":"LOS ANIMALES TAMBI\u00c9N TIENEN DERECHOS Y LOS VAMOS A DEFENDER Y A PROTEGER AFIRMA ROC\u00cdO NAHLE"},"content":{"rendered":"<p>^Federaci\u00f3n y estado tienen responsabilidad conjunta en este tema, subray\u00f3.<\/p>\n<p>Zentla, Ver., lunes 13 de mayo de 2024.- La protecci\u00f3n y aplicaci\u00f3n de los derechos de los animales estar\u00e1n garantizados en mi gobierno, afirm\u00f3 la candidata a la gubernatura de Veracruz por Morena, PT, Partido Verde y Fuerza por M\u00e9xico, Roc\u00edo Nahle Garc\u00eda.<\/p>\n<p>Refiri\u00f3 que en lo general, los animales, deben ser respetados pues como todo ser vivo y sintiente tienen derecho a una vida de completo bienestar.<\/p>\n<p>Destac\u00f3 que ni en el debate de este domingo, y mucho menos en el primero, ning\u00fan candidato oponente toc\u00f3 este tema tan importante que est\u00e1 relacionado a la educaci\u00f3n, cultura y salud p\u00fablica.<\/p>\n<p>\u201cFui la \u00fanica que ayer mencion\u00e9 el derecho de la protecci\u00f3n de los animales porque tambi\u00e9n a los animales debemos de protegerlos, los seres vivos, hablamos de lo que son los derechos y del respeto\u201d, apunt\u00f3.<\/p>\n<p>Roc\u00edo Nahle enfatiz\u00f3 que la protecci\u00f3n a los animales es muy importante porque hay leyes federales y estatales que deben aplicarse a quienes violentan los derechos de estos seres.<\/p>\n<p>\u201cAunque el art\u00edculo sexto de la Ley de Protecci\u00f3n Animal establece que todo animal escogido por el hombre como compa\u00f1ero tiene derecho a que la duraci\u00f3n de su vida sea conforme a su longevidad natural el abandono est\u00e1 considerado como un acto cruel y degradante ning\u00fan animal deber\u00e1 ser sometido a malos tratos ni actos crueles\u201d, enfatiz\u00f3.<\/p>\n<p>Destac\u00f3 que nadie tiene derecho a explotarlos, maltratarlos, lastimarlos o peor a\u00fan, quitarles la vida.<\/p>\n<p>Los animales, tampoco deben ser sujetos a pr\u00e1cticas crueles \u00fanicamente porque no tienen voz para defenderse.<\/p>\n<p>Se realizar\u00e1n adem\u00e1s campa\u00f1as de convientizacion para que desde la infancia, la sociedad comprenda la importancia de respetar la vida animal as\u00ed como de la esterilizaci\u00f3n y adopci\u00f3n.<\/p>\n<p>\u201cVoy a reforzar un programa de protecci\u00f3n y vigilancia para que la Procuradur\u00eda Federal de Protecci\u00f3n al Ambiente, garantice el cumplimiento de la Ley General de Vida Silvestre y vincularnos con asociaciones protectoras de animales, vamos a sumar la participaci\u00f3n de todos\u201d, enfatiz\u00f3.<\/p>\n","protected":false},"excerpt":{"rendered":"<p>^Federaci\u00f3n y estado tienen responsabilidad conjunta en este tema, subray\u00f3. Zentla, Ver., lunes 13 de mayo de 2024.- La protecci\u00f3n y aplicaci\u00f3n de los derechos de los animales estar\u00e1n garantizados en mi gobierno, afirm\u00f3 la candidata a la gubernatura de Veracruz por Morena, PT, Partido Verde y Fuerza por M\u00e9xico, Roc\u00edo Nahle Garc\u00eda. Refiri\u00f3 que&#8230;<\/p>\n","protected":false},"author":2,"featured_media":1909,"comment_status":"closed","ping_status":"closed","sticky":false,"template":"","format":"standard","meta":{"_jetpack_memberships_contains_paid_content":false,"footnotes":"","jetpack_publicize_message":"","jetpack_publicize_feature_enabled":true,"jetpack_social_post_already_shared":true,"jetpack_social_options":{"image_generator_settings":{"template":"highway","default_image_id":0,"font":"","enabled":false},"version":2}},"categories":[23],"tags":[],"class_list":["post-1908","post","type-post","status-publish","format-standard","has-post-thumbnail","hentry","category-actividadesnahle"],"jetpack_publicize_connections":[],"jetpack_featured_media_url":"https:\/\/veracruzanosexcepcionahles.com\/wp-content\/uploads\/2024\/05\/3f5e0b34-0ef8-4b4d-bd7d-125fbb57cd97.jpg","jetpack_sharing_enabled":true,"jetpack_likes_enabled":true,"jetpack_shortlink":"https:\/\/wp.me\/pe8dhK-uM","_links":{"self":[{"href":"https:\/\/veracruzanosexcepcionahles.com\/index.php\/wp-json\/wp\/v2\/posts\/1908","targetHints":{"allow":["GET"]}}],"collection":[{"href":"https:\/\/veracruzanosexcepcionahles.com\/index.php\/wp-json\/wp\/v2\/posts"}],"about":[{"href":"https:\/\/veracruzanosexcepcionahles.com\/index.php\/wp-json\/wp\/v2\/types\/post"}],"author":[{"embeddable":true,"href":"https:\/\/veracruzanosexcepcionahles.com\/index.php\/wp-json\/wp\/v2\/users\/2"}],"replies":[{"embeddable":true,"href":"https:\/\/veracruzanosexcepcionahles.com\/index.php\/wp-json\/wp\/v2\/comments?post=1908"}],"version-history":[{"count":0,"href":"https:\/\/veracruzanosexcepcionahles.com\/index.php\/wp-json\/wp\/v2\/posts\/1908\/revisions"}],"wp:featuredmedia":[{"embeddable":true,"href":"https:\/\/veracruzanosexcepcionahles.com\/index.php\/wp-json\/wp\/v2\/media\/1909"}],"wp:attachment":[{"href":"https:\/\/veracruzanosexcepcionahles.com\/index.php\/wp-json\/wp\/v2\/media?parent=1908"}],"wp:term":[{"taxonomy":"category","embeddable":true,"href":"https:\/\/veracruzanosexcepcionahles.com\/index.php\/wp-json\/wp\/v2\/categories?post=1908"},{"taxonomy":"post_tag","embeddable":true,"href":"https:\/\/veracruzanosexcepcionahles.com\/index.php\/wp-json\/wp\/v2\/tags?post=1908"}],"curies":[{"name":"wp","href":"https:\/\/api.w.org\/{rel}","templated":true}]}}