{"id":1901,"date":"2024-05-12T22:51:39","date_gmt":"2024-05-13T04:51:39","guid":{"rendered":"https:\/\/veracruzanosexcepcionahles.com\/?p=1901"},"modified":"2024-05-12T22:51:39","modified_gmt":"2024-05-13T04:51:39","slug":"el-magisterio-es-y-seguira-siendo-una-prioridad-para-la-4t-rocio-nahle","status":"publish","type":"post","link":"https:\/\/veracruzanosexcepcionahles.com\/index.php\/2024\/05\/12\/el-magisterio-es-y-seguira-siendo-una-prioridad-para-la-4t-rocio-nahle\/","title":{"rendered":"El magisterio es y seguir\u00e1 siendo una prioridad para la 4T: Roc\u00edo Nahle"},"content":{"rendered":"<p>Boca del R\u00edo, Ver. 12 de mayo de 2024.-Durante la presente administraci\u00f3n que encabeza el presidente Andr\u00e9s Manuel L\u00f3pez Obrador, el incremento salarial a los maestros ha sido de los m\u00e1s altos en los \u00faltimos sexenios, destac\u00f3 la candidata de Morena a la gubernatura de Veracruz, Roc\u00edo Nahle Garc\u00eda, mientras que la basificaci\u00f3n de maestros en el estado fue para 45 mil docentes.<\/p>\n<p>Dijo que el aumento salarial en el presente gobierno para el magisterio fue en el 2019 de seis y 25 por ciento; en el 2020 de cinco y 20 por ciento; en el 2021 de cinco y 70 por ciento; en 2022 de seis y medio por ciento, mientras que, en 2023, fue de ocho por ciento.<\/p>\n<p>En tanto, la basificaci\u00f3n en el presente gobierno fue para 45 mil maestros en Veracruz, lo que habla de que se trabaja de la mano con los maestros.<\/p>\n<p>En este sentido, asegur\u00f3 que el magisterio ha sido una prioridad para el gobierno de la 4T, debido a que los maestros son el principal motor para el crecimiento del pa\u00eds.<\/p>\n","protected":false},"excerpt":{"rendered":"<p>Boca del R\u00edo, Ver. 12 de mayo de 2024.-Durante la presente administraci\u00f3n que encabeza el presidente Andr\u00e9s Manuel L\u00f3pez Obrador, el incremento salarial a los maestros ha sido de los m\u00e1s altos en los \u00faltimos sexenios, destac\u00f3 la candidata de Morena a la gubernatura de Veracruz, Roc\u00edo Nahle Garc\u00eda, mientras que la basificaci\u00f3n de maestros&#8230;<\/p>\n","protected":false},"author":2,"featured_media":1902,"comment_status":"closed","ping_status":"closed","sticky":false,"template":"","format":"standard","meta":{"_jetpack_memberships_contains_paid_content":false,"footnotes":"","jetpack_publicize_message":"","jetpack_publicize_feature_enabled":true,"jetpack_social_post_already_shared":true,"jetpack_social_options":{"image_generator_settings":{"template":"highway","default_image_id":0,"font":"","enabled":false},"version":2}},"categories":[23],"tags":[],"class_list":["post-1901","post","type-post","status-publish","format-standard","has-post-thumbnail","hentry","category-actividadesnahle"],"jetpack_publicize_connections":[],"jetpack_featured_media_url":"https:\/\/veracruzanosexcepcionahles.com\/wp-content\/uploads\/2024\/05\/WhatsApp-Image-2024-05-12-at-6.58.38-PM.jpeg","jetpack_sharing_enabled":true,"jetpack_likes_enabled":true,"jetpack_shortlink":"https:\/\/wp.me\/pe8dhK-uF","_links":{"self":[{"href":"https:\/\/veracruzanosexcepcionahles.com\/index.php\/wp-json\/wp\/v2\/posts\/1901","targetHints":{"allow":["GET"]}}],"collection":[{"href":"https:\/\/veracruzanosexcepcionahles.com\/index.php\/wp-json\/wp\/v2\/posts"}],"about":[{"href":"https:\/\/veracruzanosexcepcionahles.com\/index.php\/wp-json\/wp\/v2\/types\/post"}],"author":[{"embeddable":true,"href":"https:\/\/veracruzanosexcepcionahles.com\/index.php\/wp-json\/wp\/v2\/users\/2"}],"replies":[{"embeddable":true,"href":"https:\/\/veracruzanosexcepcionahles.com\/index.php\/wp-json\/wp\/v2\/comments?post=1901"}],"version-history":[{"count":0,"href":"https:\/\/veracruzanosexcepcionahles.com\/index.php\/wp-json\/wp\/v2\/posts\/1901\/revisions"}],"wp:featuredmedia":[{"embeddable":true,"href":"https:\/\/veracruzanosexcepcionahles.com\/index.php\/wp-json\/wp\/v2\/media\/1902"}],"wp:attachment":[{"href":"https:\/\/veracruzanosexcepcionahles.com\/index.php\/wp-json\/wp\/v2\/media?parent=1901"}],"wp:term":[{"taxonomy":"category","embeddable":true,"href":"https:\/\/veracruzanosexcepcionahles.com\/index.php\/wp-json\/wp\/v2\/categories?post=1901"},{"taxonomy":"post_tag","embeddable":true,"href":"https:\/\/veracruzanosexcepcionahles.com\/index.php\/wp-json\/wp\/v2\/tags?post=1901"}],"curies":[{"name":"wp","href":"https:\/\/api.w.org\/{rel}","templated":true}]}}