{"id":1886,"date":"2024-05-11T22:56:42","date_gmt":"2024-05-12T04:56:42","guid":{"rendered":"https:\/\/veracruzanosexcepcionahles.com\/?p=1886"},"modified":"2024-05-11T22:56:42","modified_gmt":"2024-05-12T04:56:42","slug":"creare-la-unidad-especializada-en-feminicidio-y-violencia-de-genero-confirma-rocio-nahle","status":"publish","type":"post","link":"https:\/\/veracruzanosexcepcionahles.com\/index.php\/2024\/05\/11\/creare-la-unidad-especializada-en-feminicidio-y-violencia-de-genero-confirma-rocio-nahle\/","title":{"rendered":"CREAR\u00c9 LA UNIDAD ESPECIALIZADA EN FEMINICIDIO Y VIOLENCIA DE G\u00c9NERO CONFIRMA ROC\u00cdO NAHLE"},"content":{"rendered":"<p>^\u201dNos va a ir bien en el debate, sin problema alguno, hay que hacer propuestas, eso es lo que nos est\u00e1 pidiendo el OPLE y a eso vamos a ir\u201d, apunt\u00f3.<\/p>\n<p>Boca del R\u00edo, Ver., s\u00e1bado 11 de mayo de 2024.- La violencia se tiene que denunciar y las mujeres deben aprender a hacerlo, asegur\u00f3 la candidata a la gubernatura de Veracruz por Morena, PT, PVEM y Fuerza por M\u00e9xico, Roc\u00edo Nahle Garc\u00eda al anunciar que su administraci\u00f3n crear\u00e1 la Unidad Especializada en Feminicidio y Violencia de G\u00e9nero dentro de la FGE.<\/p>\n<p>Explic\u00f3 que es una mujer que con la decisi\u00f3n del pueblo veracruzano gobernar\u00e1 los pr\u00f3ximos seis a\u00f1os y lo har\u00e1 de la mano y junto a las veracruzanas y veracruzanos.<\/p>\n<p>Detall\u00f3 que al ver el \u00e9xito que tuvo este mismo esquema en Ciudad de M\u00e9xico durante el gobierno de Claudia Sheinbaum quien a su vez es la pr\u00f3xima presidenta de M\u00e9xico, determin\u00f3 que se aplicar\u00eda en Veracruz para reducir gradualmente las cifras de feminicidios e incrementar la detenci\u00f3n y sentencias de feminicidas.<\/p>\n<p>Se requerir\u00e1 aplicar m\u00e1s recursos, inteligencia e infraestructura tecnol\u00f3gica, apunt\u00f3.<\/p>\n<p>\u201cTenemos que destinar todos los recursos necesarios, no hay paz sin justicia, en eso yo coincido plenamente y para ello voy a trabajar con la fiscal\u00eda para crear esta Unidad Especializada, esta unidad es para proteger a las mujeres, cuidando a las mujeres ya se hizo en la Ciudad de M\u00e9xico con mucho \u00e9xito y cuando yo vi esto yo habl\u00e9 con la entonces fiscal Ernestina Godoy\u201d, explic\u00f3.<\/p>\n<p>Apoyar a las mujeres como la primera gobernadora mujer que regir\u00e1 el destino de Veracruz en la historia, requiere un gran compromiso con la sociedad y con el g\u00e9nero, expuso.<\/p>\n<p>\u201cEs uno de los compromisos que tengo muy fuerte en materia de justicia, y seguridad, por supuesto que va a llegar una mujer gobernadora y tengo que hacer y cuidar por las mujeres veracruzanas\u201d, expres\u00f3.<\/p>\n<p>Tambi\u00e9n se instalar\u00e1 una l\u00ednea especial donde cualquier mujer podr\u00e1 reportar cualquier tipo de agresi\u00f3n para darle atenci\u00f3n inmediata por parte de la polic\u00eda \u201cy lo primero es creerle a la mujer, si hay un conflicto en pareja, ok, pero lo primero es creerle a la mujer porque para que una mujer haya levantado el tel\u00e9fono y haya reportado un hecho es porque ya ella se siente en peligro\u201d, enfatiz\u00f3.<\/p>\n","protected":false},"excerpt":{"rendered":"<p>^\u201dNos va a ir bien en el debate, sin problema alguno, hay que hacer propuestas, eso es lo que nos est\u00e1 pidiendo el OPLE y a eso vamos a ir\u201d, apunt\u00f3. Boca del R\u00edo, Ver., s\u00e1bado 11 de mayo de 2024.- La violencia se tiene que denunciar y las mujeres deben aprender a hacerlo, asegur\u00f3&#8230;<\/p>\n","protected":false},"author":2,"featured_media":1887,"comment_status":"closed","ping_status":"closed","sticky":false,"template":"","format":"standard","meta":{"_jetpack_memberships_contains_paid_content":false,"footnotes":"","jetpack_publicize_message":"","jetpack_publicize_feature_enabled":true,"jetpack_social_post_already_shared":true,"jetpack_social_options":{"image_generator_settings":{"template":"highway","default_image_id":0,"font":"","enabled":false},"version":2}},"categories":[23],"tags":[],"class_list":["post-1886","post","type-post","status-publish","format-standard","has-post-thumbnail","hentry","category-actividadesnahle"],"jetpack_publicize_connections":[],"jetpack_featured_media_url":"https:\/\/veracruzanosexcepcionahles.com\/wp-content\/uploads\/2024\/05\/WhatsApp-Image-2024-05-11-at-2.48.14-PM.jpeg","jetpack_sharing_enabled":true,"jetpack_likes_enabled":true,"jetpack_shortlink":"https:\/\/wp.me\/pe8dhK-uq","_links":{"self":[{"href":"https:\/\/veracruzanosexcepcionahles.com\/index.php\/wp-json\/wp\/v2\/posts\/1886","targetHints":{"allow":["GET"]}}],"collection":[{"href":"https:\/\/veracruzanosexcepcionahles.com\/index.php\/wp-json\/wp\/v2\/posts"}],"about":[{"href":"https:\/\/veracruzanosexcepcionahles.com\/index.php\/wp-json\/wp\/v2\/types\/post"}],"author":[{"embeddable":true,"href":"https:\/\/veracruzanosexcepcionahles.com\/index.php\/wp-json\/wp\/v2\/users\/2"}],"replies":[{"embeddable":true,"href":"https:\/\/veracruzanosexcepcionahles.com\/index.php\/wp-json\/wp\/v2\/comments?post=1886"}],"version-history":[{"count":0,"href":"https:\/\/veracruzanosexcepcionahles.com\/index.php\/wp-json\/wp\/v2\/posts\/1886\/revisions"}],"wp:featuredmedia":[{"embeddable":true,"href":"https:\/\/veracruzanosexcepcionahles.com\/index.php\/wp-json\/wp\/v2\/media\/1887"}],"wp:attachment":[{"href":"https:\/\/veracruzanosexcepcionahles.com\/index.php\/wp-json\/wp\/v2\/media?parent=1886"}],"wp:term":[{"taxonomy":"category","embeddable":true,"href":"https:\/\/veracruzanosexcepcionahles.com\/index.php\/wp-json\/wp\/v2\/categories?post=1886"},{"taxonomy":"post_tag","embeddable":true,"href":"https:\/\/veracruzanosexcepcionahles.com\/index.php\/wp-json\/wp\/v2\/tags?post=1886"}],"curies":[{"name":"wp","href":"https:\/\/api.w.org\/{rel}","templated":true}]}}