{"id":1797,"date":"2024-05-05T23:38:56","date_gmt":"2024-05-06T05:38:56","guid":{"rendered":"https:\/\/veracruzanosexcepcionahles.com\/?p=1797"},"modified":"2024-05-05T23:38:56","modified_gmt":"2024-05-06T05:38:56","slug":"listo-el-profe-ramon-diaz-para-participar-en-el-debate-del-ople","status":"publish","type":"post","link":"https:\/\/veracruzanosexcepcionahles.com\/index.php\/2024\/05\/05\/listo-el-profe-ramon-diaz-para-participar-en-el-debate-del-ople\/","title":{"rendered":"Listo el Profe Ram\u00f3n D\u00edaz para participar en el debate del OPLE"},"content":{"rendered":"<p>*Hace llamado a los partidos pol\u00edticos para que dejen participar a sus candidatas<\/p>\n<p>\u00darsulo Galv\u00e1n, Xico. &#8211; El profe Ram\u00f3n D\u00edaz candidato a la diputaci\u00f3n local de la coalici\u00f3n Sigamos Haciendo Historia por el distrito de Coatepec, se dijo listo para participar en la convocatoria efectuada por el Organismo P\u00fablico Local Electoral (OPLE) de Veracruz para participar en el pr\u00f3ximo debate.<\/p>\n<p>Al reconocer que este ejercicio democr\u00e1tico es de vital importancia para los ciudadanos, el profe Ram\u00f3n hizo un llamado a los partidos pol\u00edticos para que permitan que sus respectivas candidatas participen en el encuentro que se realizar\u00e1 el 23 de mayo en la cabecera distrital.<\/p>\n<p>Desde el municipio de Xico, el abanderado de los partidos PT-Morena-Verde, reiter\u00f3 que es un hombre de propuestas y este tipo de ejercicios, consider\u00f3, son una buena plataforma para exponerlas a los electores y as\u00ed decidan a sus pr\u00f3ximos representes de manera informada.<\/p>\n<p>Esta ma\u00f1ana, el profe Ram\u00f3n D\u00edaz y su suplente Arely Bonilla, recorrieron calles de la localidad \u00darsulo Galv\u00e1n de esta demarcaci\u00f3n donde fueron muy bien recibidos.<\/p>\n<p>A su paso, el profe Ram\u00f3n escuch\u00f3 las solicitudes y peticiones de los habitantes quienes se mostraron muy receptivos a sus propuestas ya que saben del trabajo legislativo que efectu\u00f3 durante su paso por el Congreso.<\/p>\n","protected":false},"excerpt":{"rendered":"<p>*Hace llamado a los partidos pol\u00edticos para que dejen participar a sus candidatas \u00darsulo Galv\u00e1n, Xico. &#8211; El profe Ram\u00f3n D\u00edaz candidato a la diputaci\u00f3n local de la coalici\u00f3n Sigamos Haciendo Historia por el distrito de Coatepec, se dijo listo para participar en la convocatoria efectuada por el Organismo P\u00fablico Local Electoral (OPLE) de Veracruz&#8230;<\/p>\n","protected":false},"author":2,"featured_media":1798,"comment_status":"closed","ping_status":"closed","sticky":false,"template":"","format":"standard","meta":{"_jetpack_memberships_contains_paid_content":false,"footnotes":"","jetpack_publicize_message":"","jetpack_publicize_feature_enabled":true,"jetpack_social_post_already_shared":true,"jetpack_social_options":{"image_generator_settings":{"template":"highway","default_image_id":0,"font":"","enabled":false},"version":2}},"categories":[3],"tags":[],"class_list":["post-1797","post","type-post","status-publish","format-standard","has-post-thumbnail","hentry","category-politica"],"jetpack_publicize_connections":[],"jetpack_featured_media_url":"https:\/\/veracruzanosexcepcionahles.com\/wp-content\/uploads\/2024\/05\/c829b1f6-b9db-46af-b8e8-e4a73a1aecec.jpg","jetpack_sharing_enabled":true,"jetpack_likes_enabled":true,"jetpack_shortlink":"https:\/\/wp.me\/pe8dhK-sZ","_links":{"self":[{"href":"https:\/\/veracruzanosexcepcionahles.com\/index.php\/wp-json\/wp\/v2\/posts\/1797","targetHints":{"allow":["GET"]}}],"collection":[{"href":"https:\/\/veracruzanosexcepcionahles.com\/index.php\/wp-json\/wp\/v2\/posts"}],"about":[{"href":"https:\/\/veracruzanosexcepcionahles.com\/index.php\/wp-json\/wp\/v2\/types\/post"}],"author":[{"embeddable":true,"href":"https:\/\/veracruzanosexcepcionahles.com\/index.php\/wp-json\/wp\/v2\/users\/2"}],"replies":[{"embeddable":true,"href":"https:\/\/veracruzanosexcepcionahles.com\/index.php\/wp-json\/wp\/v2\/comments?post=1797"}],"version-history":[{"count":0,"href":"https:\/\/veracruzanosexcepcionahles.com\/index.php\/wp-json\/wp\/v2\/posts\/1797\/revisions"}],"wp:featuredmedia":[{"embeddable":true,"href":"https:\/\/veracruzanosexcepcionahles.com\/index.php\/wp-json\/wp\/v2\/media\/1798"}],"wp:attachment":[{"href":"https:\/\/veracruzanosexcepcionahles.com\/index.php\/wp-json\/wp\/v2\/media?parent=1797"}],"wp:term":[{"taxonomy":"category","embeddable":true,"href":"https:\/\/veracruzanosexcepcionahles.com\/index.php\/wp-json\/wp\/v2\/categories?post=1797"},{"taxonomy":"post_tag","embeddable":true,"href":"https:\/\/veracruzanosexcepcionahles.com\/index.php\/wp-json\/wp\/v2\/tags?post=1797"}],"curies":[{"name":"wp","href":"https:\/\/api.w.org\/{rel}","templated":true}]}}