{"id":1784,"date":"2024-05-03T16:48:24","date_gmt":"2024-05-03T22:48:24","guid":{"rendered":"https:\/\/veracruzanosexcepcionahles.com\/?p=1784"},"modified":"2024-05-03T16:48:24","modified_gmt":"2024-05-03T22:48:24","slug":"promoveremos-la-cultura-en-todos-sus-ambitos-claudia-tello","status":"publish","type":"post","link":"https:\/\/veracruzanosexcepcionahles.com\/index.php\/2024\/05\/03\/promoveremos-la-cultura-en-todos-sus-ambitos-claudia-tello\/","title":{"rendered":"PROMOVEREMOS LA CULTURA EN TODOS SUS \u00c1MBITOS: CLAUDIA TELLO"},"content":{"rendered":"<p>Xico, Ver., viernes 03 mayo de 2024.- De ganar las elecciones del pr\u00f3ximo 2 de junio, desde la c\u00e1mara alta se legislar\u00e1 para fomentar la educaci\u00f3n art\u00edstica desde las infancias, as\u00ed lo manifest\u00f3 la candidata al Senado de la Rep\u00fablica por la coalici\u00f3n Morena, Partido Verde, Partido del Trabajo y Fuerza por M\u00e9xico, Claudia Tello Espinosa quien asegur\u00f3 que respaldar\u00e1n dicha iniciativa para promover el acceso a la cultura como un derecho para todas y todos los mexicanos.<\/p>\n<p>Coment\u00f3 que esta iniciativa forma parte del proyecto de naci\u00f3n de la candidata a la presidencia de la Rep\u00fablica, Claudia Sheinbaum y cuenta con un eje denominado Rep\u00fablica Lectora y cultural, el cual busca otorgar el acceso a estos derechos a trav\u00e9s de diversas estrategias.<\/p>\n<p>La candidata morenista explic\u00f3 que el proyecto contempla que todas y todos los mexicanos tengan acceso a la cultura, por lo cual ampliar\u00e1n los semilleros creativos para la construcci\u00f3n de la paz y record\u00f3 que dentro de los compromisos de Claudia Sheinbaum, est\u00e1 la creaci\u00f3n de universidades dedicadas a las artes.<\/p>\n<p>Adem\u00e1s, coment\u00f3 que el proyecto incluye tambi\u00e9n generar condiciones para que los artistas mexicanos puedan desarrollar su actividad y reciban una remuneraci\u00f3n justa por su trabajo con seguridad social.<\/p>\n<p>Tello Espinosa destac\u00f3 que con \u00e9stas propuestas, se refrenda el compromiso de la cuarta transformaci\u00f3n de llevar bienestar a todos los sectores de la sociedad y es por eso continuar\u00e1 hasta el \u00faltimo d\u00eda de campa\u00f1a invitando a m\u00e1s personas a sumarse a este proyecto transformador.<\/p>\n","protected":false},"excerpt":{"rendered":"<p>Xico, Ver., viernes 03 mayo de 2024.- De ganar las elecciones del pr\u00f3ximo 2 de junio, desde la c\u00e1mara alta se legislar\u00e1 para fomentar la educaci\u00f3n art\u00edstica desde las infancias, as\u00ed lo manifest\u00f3 la candidata al Senado de la Rep\u00fablica por la coalici\u00f3n Morena, Partido Verde, Partido del Trabajo y Fuerza por M\u00e9xico, Claudia Tello&#8230;<\/p>\n","protected":false},"author":2,"featured_media":1785,"comment_status":"closed","ping_status":"closed","sticky":false,"template":"","format":"standard","meta":{"_jetpack_memberships_contains_paid_content":false,"footnotes":"","jetpack_publicize_message":"","jetpack_publicize_feature_enabled":true,"jetpack_social_post_already_shared":true,"jetpack_social_options":{"image_generator_settings":{"template":"highway","default_image_id":0,"font":"","enabled":false},"version":2}},"categories":[3],"tags":[],"class_list":["post-1784","post","type-post","status-publish","format-standard","has-post-thumbnail","hentry","category-politica"],"jetpack_publicize_connections":[],"jetpack_featured_media_url":"https:\/\/veracruzanosexcepcionahles.com\/wp-content\/uploads\/2024\/05\/1d994fa4-0c29-4ec7-9ea5-144d392ba3e8.jpg","jetpack_sharing_enabled":true,"jetpack_likes_enabled":true,"jetpack_shortlink":"https:\/\/wp.me\/pe8dhK-sM","_links":{"self":[{"href":"https:\/\/veracruzanosexcepcionahles.com\/index.php\/wp-json\/wp\/v2\/posts\/1784","targetHints":{"allow":["GET"]}}],"collection":[{"href":"https:\/\/veracruzanosexcepcionahles.com\/index.php\/wp-json\/wp\/v2\/posts"}],"about":[{"href":"https:\/\/veracruzanosexcepcionahles.com\/index.php\/wp-json\/wp\/v2\/types\/post"}],"author":[{"embeddable":true,"href":"https:\/\/veracruzanosexcepcionahles.com\/index.php\/wp-json\/wp\/v2\/users\/2"}],"replies":[{"embeddable":true,"href":"https:\/\/veracruzanosexcepcionahles.com\/index.php\/wp-json\/wp\/v2\/comments?post=1784"}],"version-history":[{"count":0,"href":"https:\/\/veracruzanosexcepcionahles.com\/index.php\/wp-json\/wp\/v2\/posts\/1784\/revisions"}],"wp:featuredmedia":[{"embeddable":true,"href":"https:\/\/veracruzanosexcepcionahles.com\/index.php\/wp-json\/wp\/v2\/media\/1785"}],"wp:attachment":[{"href":"https:\/\/veracruzanosexcepcionahles.com\/index.php\/wp-json\/wp\/v2\/media?parent=1784"}],"wp:term":[{"taxonomy":"category","embeddable":true,"href":"https:\/\/veracruzanosexcepcionahles.com\/index.php\/wp-json\/wp\/v2\/categories?post=1784"},{"taxonomy":"post_tag","embeddable":true,"href":"https:\/\/veracruzanosexcepcionahles.com\/index.php\/wp-json\/wp\/v2\/tags?post=1784"}],"curies":[{"name":"wp","href":"https:\/\/api.w.org\/{rel}","templated":true}]}}