{"id":1772,"date":"2024-05-03T16:28:49","date_gmt":"2024-05-03T22:28:49","guid":{"rendered":"https:\/\/veracruzanosexcepcionahles.com\/?p=1772"},"modified":"2024-05-03T16:28:49","modified_gmt":"2024-05-03T22:28:49","slug":"vamos-a-impulsar-el-desarrollo-economico-con-el-interoceanico-y-a-consolidar-este-proyecto-rocio-nahle","status":"publish","type":"post","link":"https:\/\/veracruzanosexcepcionahles.com\/index.php\/2024\/05\/03\/vamos-a-impulsar-el-desarrollo-economico-con-el-interoceanico-y-a-consolidar-este-proyecto-rocio-nahle\/","title":{"rendered":"VAMOS A IMPULSAR EL DESARROLLO ECON\u00d3MICO CON EL INTEROCE\u00c1NICO Y A CONSOLIDAR ESTE PROYECTO: ROC\u00cdO NAHLE"},"content":{"rendered":"<p>Zaragoza, Ver., viernes 03 de mayo de 2024.-<br \/>\nEn su segundo asamblea de este d\u00eda por el sur de Veracruz, Roc\u00edo Nahle, candidata de Morena, Partido Verde, Partido del Trabajo y Fuerza por M\u00e9xico a la gubernatura de Veracruz, afirm\u00f3 que este gobierno de la Cuarta Transformaci\u00f3n encabezado por el presidente Andr\u00e9s Manuel L\u00f3pez Obrador impuls\u00f3 al sureste del estado como nunca antes y ejemplo de ello es el Corredor Interoce\u00e1nico del Istmo de Tehuantepec que une a Veracruz y Oaxaca.<\/p>\n<p>L\u00f3pez Obrador, dijo,es el \u00fanico presidente que ha volteado a ver al sur para poder generar condiciones de igualdad con el resto de la Rep\u00fablica.<\/p>\n<p>Por ello se construy\u00f3 el CIIT que contar\u00e1 con 10 parques industriales de los cuales cuatro est\u00e1n en territorio veracruzano, se instalar\u00e1n cerca de Zaragoza e incluso ya est\u00e1n licitados y asignados.<\/p>\n<p>\u201cCuando nos \u00edbamos a imaginar que iba a regresar el tren de carga y de pasajeros y arregl\u00f3 toda la v\u00eda y adem\u00e1s 10 parques industriales, de esos 10, cuatro est\u00e1n en Veracruz, ya se licitaron\u201d, explic\u00f3.<\/p>\n<p>A los inversionistas que lleguen aqu\u00ed, indic\u00f3, deber\u00e1n ofertar, adem\u00e1s de empleo a la mano de obra local, sustentabilidad ambiental, as\u00ed, el gobierno podr\u00e1 apoyarlos en la promoci\u00f3n e incentivar para que las empresas se vengan a instalar a esta zona.<\/p>\n<p>Esas empresas, detall\u00f3 Nahle Garc\u00eda, deber\u00e1n de llevar a cabo transferencia tecnol\u00f3gica con los trabajadores y ser socialmente responsables \u201ctengo la suficiente experiencia en ello y voy a hacer lo que siempre hecho, trabajar y trabajar para consolidar el proyecto del interoce\u00e1nico.\u201d, subray\u00f3.<\/p>\n","protected":false},"excerpt":{"rendered":"<p>Zaragoza, Ver., viernes 03 de mayo de 2024.- En su segundo asamblea de este d\u00eda por el sur de Veracruz, Roc\u00edo Nahle, candidata de Morena, Partido Verde, Partido del Trabajo y Fuerza por M\u00e9xico a la gubernatura de Veracruz, afirm\u00f3 que este gobierno de la Cuarta Transformaci\u00f3n encabezado por el presidente Andr\u00e9s Manuel L\u00f3pez Obrador&#8230;<\/p>\n","protected":false},"author":2,"featured_media":1773,"comment_status":"closed","ping_status":"closed","sticky":false,"template":"","format":"standard","meta":{"_jetpack_memberships_contains_paid_content":false,"footnotes":"","jetpack_publicize_message":"","jetpack_publicize_feature_enabled":true,"jetpack_social_post_already_shared":true,"jetpack_social_options":{"image_generator_settings":{"template":"highway","default_image_id":0,"font":"","enabled":false},"version":2}},"categories":[23],"tags":[],"class_list":["post-1772","post","type-post","status-publish","format-standard","has-post-thumbnail","hentry","category-actividadesnahle"],"jetpack_publicize_connections":[],"jetpack_featured_media_url":"https:\/\/veracruzanosexcepcionahles.com\/wp-content\/uploads\/2024\/05\/aea366cc-636c-4c2d-a8c2-3ffcd1f02cc4-scaled.jpg","jetpack_sharing_enabled":true,"jetpack_likes_enabled":true,"jetpack_shortlink":"https:\/\/wp.me\/pe8dhK-sA","_links":{"self":[{"href":"https:\/\/veracruzanosexcepcionahles.com\/index.php\/wp-json\/wp\/v2\/posts\/1772","targetHints":{"allow":["GET"]}}],"collection":[{"href":"https:\/\/veracruzanosexcepcionahles.com\/index.php\/wp-json\/wp\/v2\/posts"}],"about":[{"href":"https:\/\/veracruzanosexcepcionahles.com\/index.php\/wp-json\/wp\/v2\/types\/post"}],"author":[{"embeddable":true,"href":"https:\/\/veracruzanosexcepcionahles.com\/index.php\/wp-json\/wp\/v2\/users\/2"}],"replies":[{"embeddable":true,"href":"https:\/\/veracruzanosexcepcionahles.com\/index.php\/wp-json\/wp\/v2\/comments?post=1772"}],"version-history":[{"count":0,"href":"https:\/\/veracruzanosexcepcionahles.com\/index.php\/wp-json\/wp\/v2\/posts\/1772\/revisions"}],"wp:featuredmedia":[{"embeddable":true,"href":"https:\/\/veracruzanosexcepcionahles.com\/index.php\/wp-json\/wp\/v2\/media\/1773"}],"wp:attachment":[{"href":"https:\/\/veracruzanosexcepcionahles.com\/index.php\/wp-json\/wp\/v2\/media?parent=1772"}],"wp:term":[{"taxonomy":"category","embeddable":true,"href":"https:\/\/veracruzanosexcepcionahles.com\/index.php\/wp-json\/wp\/v2\/categories?post=1772"},{"taxonomy":"post_tag","embeddable":true,"href":"https:\/\/veracruzanosexcepcionahles.com\/index.php\/wp-json\/wp\/v2\/tags?post=1772"}],"curies":[{"name":"wp","href":"https:\/\/api.w.org\/{rel}","templated":true}]}}