{"id":1729,"date":"2024-04-24T13:53:40","date_gmt":"2024-04-24T19:53:40","guid":{"rendered":"https:\/\/veracruzanosexcepcionahles.com\/?p=1729"},"modified":"2024-04-24T13:53:40","modified_gmt":"2024-04-24T19:53:40","slug":"veracruz-ya-decidio-vamos-a-arrasar-afirma-nahle","status":"publish","type":"post","link":"https:\/\/veracruzanosexcepcionahles.com\/index.php\/2024\/04\/24\/veracruz-ya-decidio-vamos-a-arrasar-afirma-nahle\/","title":{"rendered":"\u00a1VERACRUZ YA DECIDI\u00d3, VAMOS A ARRASAR! AFIRMA NAHLE"},"content":{"rendered":"<p>^Roc\u00edo es lo mejor que le puede pasar a Veracruz, afirma Sheinbaum.<br \/>\n^Recibe todo el respaldo de la pr\u00f3xima presidenta Claudia Sheinbaum.<\/p>\n<p>P\u00e1nuco, Ver., martes 23 de abril de 2024.- En un multitudinario mitin en esta zona norte del estado, Roc\u00edo Nahle Garc\u00eda, candidata puntera a la gubernatura por Morena, PT, Partido Verde y Fuerza por M\u00e9xico en Veracruz dio la bienvenida a la pr\u00f3xima presidenta en el pa\u00eds, Claudia Sheinbaum Pardo ante quien anunci\u00f3 que Veracruz ya decidi\u00f3 y pr\u00e1cticamente es la virtual ganadora del actual proceso electoral.<\/p>\n<p>En la coalici\u00f3n \u201cSigamos haciendo historia\u201d, agreg\u00f3, s\u00ed hay propuestas, s\u00ed hay proyecto \u201cy no les vamos a fallar\u201d, manifest\u00f3.<\/p>\n<p>Desde P\u00e1nuco, Roc\u00edo Nahle sentenci\u00f3 \u201cdesde el distrito I le digo a nuestra querida candidata que en Veracruz los veracruzanos y veracruzanas ya decidimos porque el 2 de junio \u00a1vamos a arrasar!\u00a1vamos a arrasar en las urnas compa\u00f1eros! y vamos a arrasar en la presidencia, en la gubernatura, en el senado, en la diputaci\u00f3n federal y en las diputaciones locales, vamos por el 5 de 5 compa\u00f1eros y vamos a arrasar porque tenemos propuestas porque aqu\u00ed si hay propuestas y aqu\u00ed si se trabaja\u201d, enfatiz\u00f3.<\/p>\n<p>Sobre todo, indic\u00f3, las mujeres han alcanzado niveles relevantes de preparaci\u00f3n y han dado resultados importantes \u201cy juntas y juntos vamos a continuar haciendo historia en Veracruz. Vamos a continuar trabajando, d\u00eda y noche como sabemos, no les vamos a fallar\u201d<\/p>\n<p>Roc\u00edo Nahle agreg\u00f3 que Andr\u00e9s Manuel L\u00f3pez Obrador heredar\u00e1 un movimiento vivo al que a\u00fan le falta mucho por avanzar y consolidarse, es a esta siguiente etapa lo que se llama el segundo piso de la Cuarta Transformaci\u00f3n y con el apoyo de Claudia Sheinbaum, juntas, van a darle continuidad en Veracruz.<\/p>\n<p>Fue L\u00f3pez Obrador el protagonista del cambio de r\u00e9gimen en M\u00e9xico \u201cun r\u00e9gimen que ha sacado de la pobreza extrema a millones de mexicanos y aqu\u00ed en Veracruz nos hizo ver otra realidad\u201d, destac\u00f3.<\/p>\n<p>En estos cinco a\u00f1os y medio, los beneficios del cambio de r\u00e9gimen han llegado a millones de hogares en M\u00e9xico.<\/p>\n<p>\u201cSe ha avanzado pero nos falta y tenemos que continuar\u201d, a\u00f1adi\u00f3.<\/p>\n<p>Nahle Garc\u00eda coment\u00f3 que con la sucesora de Andr\u00e9s Manuel L\u00f3pez Obrador tiene mucho tiempo trabajando y coincidiendo en la izquierda.<\/p>\n<p>\u201cAyudamos a formar este movimiento, s\u00e9 de su capacidad, de su calidad humana, de su sensibilidad social pero sobre todo s\u00e9 del amor que le tiene a M\u00e9xico, es una patriota y eso aqu\u00ed en Veracruz es para nosotros muy bueno porque Veracruz es la puerta de entrada de todos y ha sido el primer rengl\u00f3n de la historia de M\u00e9xico\u201d, apunt\u00f3.<\/p>\n<p>Es muy positivo que ambas sean nacionalistas y que la proyecci\u00f3n sea trabajar en conjunto porque vienen cosas nuevas y buenas para la entidad veracruzana, dijo Nahle Garc\u00eda.<\/p>\n<p>\u201cPorque somos dos mujeres convencidas de un proyecto transformador que nos llev\u00f3 mucho tiempo y que hoy es una realidad, es parte importante de esta transformaci\u00f3n y queremos continuarla\u201d, a\u00f1adi\u00f3.<\/p>\n","protected":false},"excerpt":{"rendered":"<p>^Roc\u00edo es lo mejor que le puede pasar a Veracruz, afirma Sheinbaum. ^Recibe todo el respaldo de la pr\u00f3xima presidenta Claudia Sheinbaum. P\u00e1nuco, Ver., martes 23 de abril de 2024.- En un multitudinario mitin en esta zona norte del estado, Roc\u00edo Nahle Garc\u00eda, candidata puntera a la gubernatura por Morena, PT, Partido Verde y Fuerza&#8230;<\/p>\n","protected":false},"author":2,"featured_media":1730,"comment_status":"closed","ping_status":"closed","sticky":false,"template":"","format":"standard","meta":{"_jetpack_memberships_contains_paid_content":false,"footnotes":"","jetpack_publicize_message":"","jetpack_publicize_feature_enabled":true,"jetpack_social_post_already_shared":true,"jetpack_social_options":{"image_generator_settings":{"template":"highway","default_image_id":0,"font":"","enabled":false},"version":2}},"categories":[23],"tags":[],"class_list":["post-1729","post","type-post","status-publish","format-standard","has-post-thumbnail","hentry","category-actividadesnahle"],"jetpack_publicize_connections":[],"jetpack_featured_media_url":"https:\/\/veracruzanosexcepcionahles.com\/wp-content\/uploads\/2024\/04\/32fd5acc-47c2-4171-8f24-e7d79a1a4c87.jpg","jetpack_sharing_enabled":true,"jetpack_likes_enabled":true,"jetpack_shortlink":"https:\/\/wp.me\/pe8dhK-rT","_links":{"self":[{"href":"https:\/\/veracruzanosexcepcionahles.com\/index.php\/wp-json\/wp\/v2\/posts\/1729","targetHints":{"allow":["GET"]}}],"collection":[{"href":"https:\/\/veracruzanosexcepcionahles.com\/index.php\/wp-json\/wp\/v2\/posts"}],"about":[{"href":"https:\/\/veracruzanosexcepcionahles.com\/index.php\/wp-json\/wp\/v2\/types\/post"}],"author":[{"embeddable":true,"href":"https:\/\/veracruzanosexcepcionahles.com\/index.php\/wp-json\/wp\/v2\/users\/2"}],"replies":[{"embeddable":true,"href":"https:\/\/veracruzanosexcepcionahles.com\/index.php\/wp-json\/wp\/v2\/comments?post=1729"}],"version-history":[{"count":0,"href":"https:\/\/veracruzanosexcepcionahles.com\/index.php\/wp-json\/wp\/v2\/posts\/1729\/revisions"}],"wp:featuredmedia":[{"embeddable":true,"href":"https:\/\/veracruzanosexcepcionahles.com\/index.php\/wp-json\/wp\/v2\/media\/1730"}],"wp:attachment":[{"href":"https:\/\/veracruzanosexcepcionahles.com\/index.php\/wp-json\/wp\/v2\/media?parent=1729"}],"wp:term":[{"taxonomy":"category","embeddable":true,"href":"https:\/\/veracruzanosexcepcionahles.com\/index.php\/wp-json\/wp\/v2\/categories?post=1729"},{"taxonomy":"post_tag","embeddable":true,"href":"https:\/\/veracruzanosexcepcionahles.com\/index.php\/wp-json\/wp\/v2\/tags?post=1729"}],"curies":[{"name":"wp","href":"https:\/\/api.w.org\/{rel}","templated":true}]}}