{"id":1718,"date":"2024-04-21T22:35:41","date_gmt":"2024-04-22T04:35:41","guid":{"rendered":"https:\/\/veracruzanosexcepcionahles.com\/?p=1718"},"modified":"2024-04-21T22:45:11","modified_gmt":"2024-04-22T04:45:11","slug":"en-la-cuenca-del-papaloapan-vamos-unidos-por-el-triunfo-este-2-de-junio-mago-corro","status":"publish","type":"post","link":"https:\/\/veracruzanosexcepcionahles.com\/index.php\/2024\/04\/21\/en-la-cuenca-del-papaloapan-vamos-unidos-por-el-triunfo-este-2-de-junio-mago-corro\/","title":{"rendered":"En la Cuenca del Papaloapan vamos unidos por el triunfo, este 2 de junio: Mago Corro"},"content":{"rendered":"<p>*En este d\u00eda inh\u00e1bil, la candidata al Congreso de la Uni\u00f3n acompa\u00f1ada de autoridades municipales, simpatizantes, militantes y grupos sociales, recorri\u00f3 calles principales de Tierra Blanca<\/p>\n<p>En la cuenca del Papaloapan, las y los candidatos de Morena cerramos filas para lograr el triunfo este 2 de junio, para que el bienestar y el progreso llegue a todos sin distingos, sostuvo la candidata a la Diputaci\u00f3n Federal del Distrito 17, Mago Corro Mendoza.<\/p>\n<p>En Tierra Blanca, durante la congregaci\u00f3n masiva en favor de las propuestas de las y los candidatos de la alianza Morena-PVEM-PT, la abanderada morenista se\u00f1al\u00f3 que en un proceso electoral plagado de desinformaci\u00f3n y ataques por parte de la oposici\u00f3n, es necesario cerrar filas para que la poblaci\u00f3n conozca el plan de trabajo de cada candidata y candidato de la Coalici\u00f3n &#8216;Sigamos Haciendo Historia&#8217;.<\/p>\n<p>&#8220;En la Cuenca del Papaloapan se hace escuchar el deseo del pueblo, que congregado aqu\u00ed refleja su apoyo a la continuidad de un proyecto de Naci\u00f3n que por convicci\u00f3n siempre prioriz\u00f3 el bien com\u00fan, el desarrollo de los sectores m\u00e1s necesitados, y que el segundo piso de la transformaci\u00f3n mantendr\u00e1 ese compromiso verdadero de escuchar el sentir del pueblo y trabajar por entregarle buenos resultados, tal como se ha hecho&#8221;, dijo.<\/p>\n<p>Corro Mendoza record\u00f3 que este 2 de junio, la poblaci\u00f3n tendr\u00e1 la oportunidad de decidir por el avance de un movimiento que le es leal, as\u00ed como confirmar\u00e1 que ya no permitir\u00e1 el regreso de gobiernos neoliberales, corruptos e insensibles que solo velaron por sus intereses y no reconocieron el valor de esta naci\u00f3n y su gente.<\/p>\n<p>&#8220;Este 2 de junio, la votaci\u00f3n ser\u00e1 a favor del Plan C: voto masivo a Morena, porque la transformaci\u00f3n seguir\u00e1 pendiente de las demandas de las ciudadan\u00eda, desde la Presidencia de la Rep\u00fablica con Claudia Sheinbaum; en la gubernatura, con Roc\u00edo Nahle; en el Senado, el Congreso de la Uni\u00f3n y el Congreso local. Logremos unidos este triunfo que significar\u00e1 progreso y desarrollo para todos&#8221;, apunt\u00f3.<\/p>\n<p>En este d\u00eda inh\u00e1bil, la candidata al Congreso de la Uni\u00f3n acompa\u00f1ada de autoridades municipales, simpatizantes, militantes y grupos sociales, recorri\u00f3 calles principales de Tierra Blanca, dejando en claro que la transformaci\u00f3n avanza firme hace el triunfo en las urnas.<\/p>\n","protected":false},"excerpt":{"rendered":"<p>*En este d\u00eda inh\u00e1bil, la candidata al Congreso de la Uni\u00f3n acompa\u00f1ada de autoridades municipales, simpatizantes, militantes y grupos sociales, recorri\u00f3 calles principales de Tierra Blanca En la cuenca del Papaloapan, las y los candidatos de Morena cerramos filas para lograr el triunfo este 2 de junio, para que el bienestar y el progreso llegue&#8230;<\/p>\n","protected":false},"author":2,"featured_media":1719,"comment_status":"closed","ping_status":"closed","sticky":false,"template":"","format":"standard","meta":{"_jetpack_memberships_contains_paid_content":false,"footnotes":"","jetpack_publicize_message":"","jetpack_publicize_feature_enabled":true,"jetpack_social_post_already_shared":true,"jetpack_social_options":{"image_generator_settings":{"template":"highway","default_image_id":0,"font":"","enabled":false},"version":2}},"categories":[3],"tags":[],"class_list":["post-1718","post","type-post","status-publish","format-standard","has-post-thumbnail","hentry","category-politica"],"jetpack_publicize_connections":[],"jetpack_featured_media_url":"https:\/\/veracruzanosexcepcionahles.com\/wp-content\/uploads\/2024\/04\/WhatsApp-Image-2024-04-21-at-10.32.31-PM-scaled.jpeg","jetpack_sharing_enabled":true,"jetpack_likes_enabled":true,"jetpack_shortlink":"https:\/\/wp.me\/pe8dhK-rI","_links":{"self":[{"href":"https:\/\/veracruzanosexcepcionahles.com\/index.php\/wp-json\/wp\/v2\/posts\/1718","targetHints":{"allow":["GET"]}}],"collection":[{"href":"https:\/\/veracruzanosexcepcionahles.com\/index.php\/wp-json\/wp\/v2\/posts"}],"about":[{"href":"https:\/\/veracruzanosexcepcionahles.com\/index.php\/wp-json\/wp\/v2\/types\/post"}],"author":[{"embeddable":true,"href":"https:\/\/veracruzanosexcepcionahles.com\/index.php\/wp-json\/wp\/v2\/users\/2"}],"replies":[{"embeddable":true,"href":"https:\/\/veracruzanosexcepcionahles.com\/index.php\/wp-json\/wp\/v2\/comments?post=1718"}],"version-history":[{"count":0,"href":"https:\/\/veracruzanosexcepcionahles.com\/index.php\/wp-json\/wp\/v2\/posts\/1718\/revisions"}],"wp:featuredmedia":[{"embeddable":true,"href":"https:\/\/veracruzanosexcepcionahles.com\/index.php\/wp-json\/wp\/v2\/media\/1719"}],"wp:attachment":[{"href":"https:\/\/veracruzanosexcepcionahles.com\/index.php\/wp-json\/wp\/v2\/media?parent=1718"}],"wp:term":[{"taxonomy":"category","embeddable":true,"href":"https:\/\/veracruzanosexcepcionahles.com\/index.php\/wp-json\/wp\/v2\/categories?post=1718"},{"taxonomy":"post_tag","embeddable":true,"href":"https:\/\/veracruzanosexcepcionahles.com\/index.php\/wp-json\/wp\/v2\/tags?post=1718"}],"curies":[{"name":"wp","href":"https:\/\/api.w.org\/{rel}","templated":true}]}}