{"id":1715,"date":"2024-04-21T22:19:26","date_gmt":"2024-04-22T04:19:26","guid":{"rendered":"https:\/\/veracruzanosexcepcionahles.com\/?p=1715"},"modified":"2024-04-21T22:19:26","modified_gmt":"2024-04-22T04:19:26","slug":"ampliara-nahle-cobertura-medica-en-el-estado","status":"publish","type":"post","link":"https:\/\/veracruzanosexcepcionahles.com\/index.php\/2024\/04\/21\/ampliara-nahle-cobertura-medica-en-el-estado\/","title":{"rendered":"AMPLIAR\u00c1 NAHLE COBERTURA M\u00c9DICA EN EL ESTADO"},"content":{"rendered":"<p>^Present\u00f3 su compromiso n\u00famero 50 del eje de la salud.<\/p>\n<p>Benito Ju\u00e1rez, Ver., domingo 21 de abril de 2024.- La cobertura m\u00e9dica y de enfermer\u00eda incrementar\u00e1 en toda la entidad, incluidas las zonas m\u00e1s alejadas, comprometi\u00f3 Roc\u00edo Nahle Garc\u00eda, candidata puntera a la gubernatura por Morena, PT, Partido Verde y Fuerza por M\u00e9xico en Veracruz.<\/p>\n<p>Al presentar su compromiso n\u00famero 50 del eje de salud, destac\u00f3 que en las comunidades y zonas rurales o serranas es donde m\u00e1s falta hacen m\u00e9dicos y enfermeras por lo que ofrecer\u00e1 incentivos extra a los profesionales del sector que acepten trasladarse a esas regiones.<\/p>\n<p>Durante la asamblea p\u00fablica de este d\u00eda, Nahle Garc\u00eda se\u00f1al\u00f3 que el tema de salud es un tema de todos, particularmente despu\u00e9s de la pandemia por Covid19 porque est\u00e1 reflej\u00f3 el abandono y carencias que el neoliberalismo hered\u00f3 en el sector.<\/p>\n<p>\u201cLa pandemia nos mostr\u00f3 la real situaci\u00f3n del sistema de salud que nos dejaron los gobiernos corruptos anteriores y le dice: las cl\u00ednicas que no tienen camas, que no tienen servicios, la falta de m\u00e9dicos, la falta de enfermeras, los medicamentos\u201d, explic\u00f3.<\/p>\n<p>Se\u00f1al\u00f3 que es una realidad la falta de m\u00e9dicos y enfermeras en algunos sitios, como por ejemplo, es un hecho que se batalla m\u00e1s para que el personal de la salud se traslade a las comunidades m\u00e1s alejadas, es por ello que uno de sus compromisos ser\u00e1 otorgar un incentivo extra para el personal que sea contratado y vaya a trabajar a estos puntos del estado.<\/p>\n<p>Tambi\u00e9n se\u00f1al\u00f3 como un gran acierto que las universidades \u201cBenito Ju\u00e1rez\u201d hayan abierto la matr\u00edcula para estudiantes en las carreras de la salud, ante el d\u00e9ficit que se tiene en todo el pa\u00eds.<\/p>\n<p>\u201cUna de las cosas que tambi\u00e9n la pandemia nos dej\u00f3 ver es que efectivamente faltan m\u00e9dicos y enfermeras en todo el pa\u00eds, L\u00f3pez Obrador abri\u00f3 universidades Benito Ju\u00e1rez de medicina para que nuestros j\u00f3venes estudien medicinas, porque nos faltan m\u00e9dicos, nos faltan enfermeras, entonces hay que preparar m\u00e1s m\u00e9dicos y enfermeras para poder dar servicio a todos, ese es un proyecto que ya est\u00e1 en marcha y lo vamos a llevar a cabo, es de los compromisos que estoy haciendo\u201d, indic\u00f3.<\/p>\n<p>Ahora, concluy\u00f3, en este gobierno de la Cuarta Transformaci\u00f3n se realiza un programa donde los gobiernos del Estado y la Secretar\u00eda del Bienestar deber\u00e1n tener la capacidad para la cobertura universal, es decir, que se atienda y a todos por igual, enfatiz\u00f3.<\/p>\n","protected":false},"excerpt":{"rendered":"<p>^Present\u00f3 su compromiso n\u00famero 50 del eje de la salud. Benito Ju\u00e1rez, Ver., domingo 21 de abril de 2024.- La cobertura m\u00e9dica y de enfermer\u00eda incrementar\u00e1 en toda la entidad, incluidas las zonas m\u00e1s alejadas, comprometi\u00f3 Roc\u00edo Nahle Garc\u00eda, candidata puntera a la gubernatura por Morena, PT, Partido Verde y Fuerza por M\u00e9xico en Veracruz&#8230;.<\/p>\n","protected":false},"author":2,"featured_media":1716,"comment_status":"closed","ping_status":"closed","sticky":false,"template":"","format":"standard","meta":{"_jetpack_memberships_contains_paid_content":false,"footnotes":"","jetpack_publicize_message":"","jetpack_publicize_feature_enabled":true,"jetpack_social_post_already_shared":true,"jetpack_social_options":{"image_generator_settings":{"template":"highway","default_image_id":0,"font":"","enabled":false},"version":2}},"categories":[3],"tags":[],"class_list":["post-1715","post","type-post","status-publish","format-standard","has-post-thumbnail","hentry","category-politica"],"jetpack_publicize_connections":[],"jetpack_featured_media_url":"https:\/\/veracruzanosexcepcionahles.com\/wp-content\/uploads\/2024\/04\/c1025bc7-ae43-4511-a7ea-73a220df589d.jpg","jetpack_sharing_enabled":true,"jetpack_likes_enabled":true,"jetpack_shortlink":"https:\/\/wp.me\/pe8dhK-rF","_links":{"self":[{"href":"https:\/\/veracruzanosexcepcionahles.com\/index.php\/wp-json\/wp\/v2\/posts\/1715","targetHints":{"allow":["GET"]}}],"collection":[{"href":"https:\/\/veracruzanosexcepcionahles.com\/index.php\/wp-json\/wp\/v2\/posts"}],"about":[{"href":"https:\/\/veracruzanosexcepcionahles.com\/index.php\/wp-json\/wp\/v2\/types\/post"}],"author":[{"embeddable":true,"href":"https:\/\/veracruzanosexcepcionahles.com\/index.php\/wp-json\/wp\/v2\/users\/2"}],"replies":[{"embeddable":true,"href":"https:\/\/veracruzanosexcepcionahles.com\/index.php\/wp-json\/wp\/v2\/comments?post=1715"}],"version-history":[{"count":0,"href":"https:\/\/veracruzanosexcepcionahles.com\/index.php\/wp-json\/wp\/v2\/posts\/1715\/revisions"}],"wp:featuredmedia":[{"embeddable":true,"href":"https:\/\/veracruzanosexcepcionahles.com\/index.php\/wp-json\/wp\/v2\/media\/1716"}],"wp:attachment":[{"href":"https:\/\/veracruzanosexcepcionahles.com\/index.php\/wp-json\/wp\/v2\/media?parent=1715"}],"wp:term":[{"taxonomy":"category","embeddable":true,"href":"https:\/\/veracruzanosexcepcionahles.com\/index.php\/wp-json\/wp\/v2\/categories?post=1715"},{"taxonomy":"post_tag","embeddable":true,"href":"https:\/\/veracruzanosexcepcionahles.com\/index.php\/wp-json\/wp\/v2\/tags?post=1715"}],"curies":[{"name":"wp","href":"https:\/\/api.w.org\/{rel}","templated":true}]}}