{"id":1694,"date":"2024-04-19T22:38:41","date_gmt":"2024-04-20T04:38:41","guid":{"rendered":"https:\/\/veracruzanosexcepcionahles.com\/?p=1694"},"modified":"2024-04-19T22:38:41","modified_gmt":"2024-04-20T04:38:41","slug":"supervisare-personalmente-aplicacion-de-programas-sociales-federales-y-estatales-rocio-nahle","status":"publish","type":"post","link":"https:\/\/veracruzanosexcepcionahles.com\/index.php\/2024\/04\/19\/supervisare-personalmente-aplicacion-de-programas-sociales-federales-y-estatales-rocio-nahle\/","title":{"rendered":"SUPERVISAR\u00c9 PERSONALMENTE APLICACI\u00d3N DE PROGRAMAS SOCIALES FEDERALES Y ESTATALES: ROC\u00cdO NAHLE"},"content":{"rendered":"<p>^Presenta su compromiso n\u00famero 2 del<br \/>\nEje de Bienestar Social.<\/p>\n<p>Tatatila, Ver., viernes 19 de abril de 2024.- La candidata a la gubernatura por Morena, PT, Partido Verde y Fuerza por M\u00e9xico en Veracruz, Roc\u00edo Nahle Garc\u00eda, afirm\u00f3 que ser\u00e1 una puntual y eficaz supervisora de la correcta aplicaci\u00f3n de los programas sociales federales y estatales.<\/p>\n<p>En la presentaci\u00f3n de su compromiso n\u00famero 2, del eje de Bienestar Social, Nahle Garc\u00eda subray\u00f3 que habr\u00e1 plena coordinaci\u00f3n con el gobierno federal que encabezar\u00e1 Claudia Sheinbaum Pardo.<\/p>\n<p>Destac\u00f3 que su trayectoria est\u00e1 marcada por los resultados en todos los \u00e1mbitos y en el nuevo ejercicio que est\u00e1 por comenzar para los pr\u00f3ximos seis a\u00f1os, con ese ah\u00ednco, desarrollar\u00e1 su programa de trabajo en Veracruz, subray\u00f3.<\/p>\n<p>\u201cEl primer eje es bienestar social, \u00bfcomo no va a ser bienestar social si para eso se form\u00f3 Morena, si para eso es nuestro movimiento, si para ello Andr\u00e9s Manuel L\u00f3pez Obrador le quit\u00f3 el presupuesto a los corruptos del PRIAN, y dijo, van los programas sociales\u201d, subray\u00f3.<\/p>\n<p>En el segundo compromiso, Roc\u00edo Nahle dej\u00f3 claro que trabajar\u00e1 y dar\u00e1 los resultados como lo hizo al frente del sector energ\u00e9tico.<\/p>\n<p>No ser\u00e1, indic\u00f3, una gobernadora de escritorio sino de territorio, siempre en constante supervisi\u00f3n, escuchando y resolviendo los temas m\u00e1s elementales de bienestar.<\/p>\n<p>\u201cPr\u00e1cticamente en mi camino me convertir\u00e9 en una supervisora de los programas de bienestar federales y estatales\u201d, adelant\u00f3.<\/p>\n","protected":false},"excerpt":{"rendered":"<p>^Presenta su compromiso n\u00famero 2 del Eje de Bienestar Social. Tatatila, Ver., viernes 19 de abril de 2024.- La candidata a la gubernatura por Morena, PT, Partido Verde y Fuerza por M\u00e9xico en Veracruz, Roc\u00edo Nahle Garc\u00eda, afirm\u00f3 que ser\u00e1 una puntual y eficaz supervisora de la correcta aplicaci\u00f3n de los programas sociales federales y&#8230;<\/p>\n","protected":false},"author":2,"featured_media":1695,"comment_status":"closed","ping_status":"closed","sticky":false,"template":"","format":"standard","meta":{"_jetpack_memberships_contains_paid_content":false,"footnotes":"","jetpack_publicize_message":"","jetpack_publicize_feature_enabled":true,"jetpack_social_post_already_shared":true,"jetpack_social_options":{"image_generator_settings":{"template":"highway","default_image_id":0,"font":"","enabled":false},"version":2}},"categories":[23],"tags":[],"class_list":["post-1694","post","type-post","status-publish","format-standard","has-post-thumbnail","hentry","category-actividadesnahle"],"jetpack_publicize_connections":[],"jetpack_featured_media_url":"https:\/\/veracruzanosexcepcionahles.com\/wp-content\/uploads\/2024\/04\/75bdcf37-3b72-4129-a1e9-cd3ae22a4da9.jpg","jetpack_sharing_enabled":true,"jetpack_likes_enabled":true,"jetpack_shortlink":"https:\/\/wp.me\/pe8dhK-rk","_links":{"self":[{"href":"https:\/\/veracruzanosexcepcionahles.com\/index.php\/wp-json\/wp\/v2\/posts\/1694","targetHints":{"allow":["GET"]}}],"collection":[{"href":"https:\/\/veracruzanosexcepcionahles.com\/index.php\/wp-json\/wp\/v2\/posts"}],"about":[{"href":"https:\/\/veracruzanosexcepcionahles.com\/index.php\/wp-json\/wp\/v2\/types\/post"}],"author":[{"embeddable":true,"href":"https:\/\/veracruzanosexcepcionahles.com\/index.php\/wp-json\/wp\/v2\/users\/2"}],"replies":[{"embeddable":true,"href":"https:\/\/veracruzanosexcepcionahles.com\/index.php\/wp-json\/wp\/v2\/comments?post=1694"}],"version-history":[{"count":0,"href":"https:\/\/veracruzanosexcepcionahles.com\/index.php\/wp-json\/wp\/v2\/posts\/1694\/revisions"}],"wp:featuredmedia":[{"embeddable":true,"href":"https:\/\/veracruzanosexcepcionahles.com\/index.php\/wp-json\/wp\/v2\/media\/1695"}],"wp:attachment":[{"href":"https:\/\/veracruzanosexcepcionahles.com\/index.php\/wp-json\/wp\/v2\/media?parent=1694"}],"wp:term":[{"taxonomy":"category","embeddable":true,"href":"https:\/\/veracruzanosexcepcionahles.com\/index.php\/wp-json\/wp\/v2\/categories?post=1694"},{"taxonomy":"post_tag","embeddable":true,"href":"https:\/\/veracruzanosexcepcionahles.com\/index.php\/wp-json\/wp\/v2\/tags?post=1694"}],"curies":[{"name":"wp","href":"https:\/\/api.w.org\/{rel}","templated":true}]}}