{"id":1691,"date":"2024-04-19T22:35:27","date_gmt":"2024-04-20T04:35:27","guid":{"rendered":"https:\/\/veracruzanosexcepcionahles.com\/?p=1691"},"modified":"2024-04-19T22:35:27","modified_gmt":"2024-04-20T04:35:27","slug":"vamos-por-escuelas-de-tiempo-completo-en-primarias-publicas-del-pais-claudia-tello","status":"publish","type":"post","link":"https:\/\/veracruzanosexcepcionahles.com\/index.php\/2024\/04\/19\/vamos-por-escuelas-de-tiempo-completo-en-primarias-publicas-del-pais-claudia-tello\/","title":{"rendered":"VAMOS POR ESCUELAS DE TIEMPO COMPLETO EN PRIMARIAS P\u00daBLICAS DEL PA\u00cdS: CLAUDIA TELLO"},"content":{"rendered":"<p>^Cierran filas para la elecci\u00f3n del 2 de junio.<br \/>\n^Mario Delgado, dirigente nacional de Morena refuerza a sus candidatos y candidatas.<\/p>\n<p>Veracruz, Ver., viernes 19 abril de 2024.- Como una medida para mejorar la calidad educativa, la candidata al Senado de la Rep\u00fablica por la coalici\u00f3n \u201cSigamos Haciendo Historia\u201d, Claudia Tello Espinosa mencion\u00f3 que implementar\u00e1n los horarios extendidos en las escuelas primarias de todo el pa\u00eds.<\/p>\n<p>Es la propuesta que ha hecho la candidata presidencial de Morena, Claudia Sheinbaum respecto a las escuelas de tiempo completo, manifest\u00f3.<\/p>\n<p>Recalc\u00f3 que dicho programa ser\u00e1 respaldado desde la c\u00e1mara alta por todos los senadores de Morena, para que todas las ni\u00f1as y ni\u00f1os reciban m\u00e1s horas de clases de educaci\u00f3n f\u00edsica y art\u00edstica.<\/p>\n<p>Mencion\u00f3 que con esta propuesta realizada por la candidata a la presidencia de la Rep\u00fablica, Claudia Sheinbaum, se busca que las escuelas dediquen tiempo al cuidado de la salud infantil con programas de nutrici\u00f3n, psicolog\u00eda, cuidado dental, prevenci\u00f3n de adicciones y ex\u00e1menes de la vista con lentes gratuitos para todos los ni\u00f1os que lo necesiten.<\/p>\n<p>Expres\u00f3 que la iniciativa propone que los horarios en las escuelas primarias p\u00fablicas se vaya extendiendo de manera gradual, para que los estudiantes se acoplen a esta nueva modalidad y reciban todos los beneficios para su \u00f3ptimo desarrollo.<\/p>\n<p>Adem\u00e1s, record\u00f3 que la candidata Claudia Sheinbaum tambi\u00e9n se comprometi\u00f3 a fortalecer los programas educativos de la Nueva Escuela Mexicana y a mantener el programa de Becas para el Bienestar Benito Ju\u00e1rez.<\/p>\n<p>En su paso por el puerto de Veracruz acompa\u00f1ando a la candidata a la gubernatura, Roc\u00edo Nahle Garc\u00eda y al dirigente nacional de Morena, Mario Delgado, Tello Espinosa hizo un llamado a los veracruzanos para que este 2 de junio salgan a emitir voto masivo a favor de Morena, para as\u00ed juntos consolidar en Plan C.<\/p>\n","protected":false},"excerpt":{"rendered":"<p>^Cierran filas para la elecci\u00f3n del 2 de junio. ^Mario Delgado, dirigente nacional de Morena refuerza a sus candidatos y candidatas. Veracruz, Ver., viernes 19 abril de 2024.- Como una medida para mejorar la calidad educativa, la candidata al Senado de la Rep\u00fablica por la coalici\u00f3n \u201cSigamos Haciendo Historia\u201d, Claudia Tello Espinosa mencion\u00f3 que implementar\u00e1n&#8230;<\/p>\n","protected":false},"author":2,"featured_media":1692,"comment_status":"closed","ping_status":"closed","sticky":false,"template":"","format":"standard","meta":{"_jetpack_memberships_contains_paid_content":false,"footnotes":"","jetpack_publicize_message":"","jetpack_publicize_feature_enabled":true,"jetpack_social_post_already_shared":true,"jetpack_social_options":{"image_generator_settings":{"template":"highway","default_image_id":0,"font":"","enabled":false},"version":2}},"categories":[3],"tags":[],"class_list":["post-1691","post","type-post","status-publish","format-standard","has-post-thumbnail","hentry","category-politica"],"jetpack_publicize_connections":[],"jetpack_featured_media_url":"https:\/\/veracruzanosexcepcionahles.com\/wp-content\/uploads\/2024\/04\/WhatsApp-Image-2024-04-19-at-10.56.23-AM.jpeg","jetpack_sharing_enabled":true,"jetpack_likes_enabled":true,"jetpack_shortlink":"https:\/\/wp.me\/pe8dhK-rh","_links":{"self":[{"href":"https:\/\/veracruzanosexcepcionahles.com\/index.php\/wp-json\/wp\/v2\/posts\/1691","targetHints":{"allow":["GET"]}}],"collection":[{"href":"https:\/\/veracruzanosexcepcionahles.com\/index.php\/wp-json\/wp\/v2\/posts"}],"about":[{"href":"https:\/\/veracruzanosexcepcionahles.com\/index.php\/wp-json\/wp\/v2\/types\/post"}],"author":[{"embeddable":true,"href":"https:\/\/veracruzanosexcepcionahles.com\/index.php\/wp-json\/wp\/v2\/users\/2"}],"replies":[{"embeddable":true,"href":"https:\/\/veracruzanosexcepcionahles.com\/index.php\/wp-json\/wp\/v2\/comments?post=1691"}],"version-history":[{"count":0,"href":"https:\/\/veracruzanosexcepcionahles.com\/index.php\/wp-json\/wp\/v2\/posts\/1691\/revisions"}],"wp:featuredmedia":[{"embeddable":true,"href":"https:\/\/veracruzanosexcepcionahles.com\/index.php\/wp-json\/wp\/v2\/media\/1692"}],"wp:attachment":[{"href":"https:\/\/veracruzanosexcepcionahles.com\/index.php\/wp-json\/wp\/v2\/media?parent=1691"}],"wp:term":[{"taxonomy":"category","embeddable":true,"href":"https:\/\/veracruzanosexcepcionahles.com\/index.php\/wp-json\/wp\/v2\/categories?post=1691"},{"taxonomy":"post_tag","embeddable":true,"href":"https:\/\/veracruzanosexcepcionahles.com\/index.php\/wp-json\/wp\/v2\/tags?post=1691"}],"curies":[{"name":"wp","href":"https:\/\/api.w.org\/{rel}","templated":true}]}}