{"id":1688,"date":"2024-04-18T22:54:28","date_gmt":"2024-04-19T04:54:28","guid":{"rendered":"https:\/\/veracruzanosexcepcionahles.com\/?p=1688"},"modified":"2024-04-18T22:54:28","modified_gmt":"2024-04-19T04:54:28","slug":"el-pueblo-de-mexico-y-veracruz-no-permitira-el-regreso-de-gobiernos-corruptos-y-omisos-mago-corro","status":"publish","type":"post","link":"https:\/\/veracruzanosexcepcionahles.com\/index.php\/2024\/04\/18\/el-pueblo-de-mexico-y-veracruz-no-permitira-el-regreso-de-gobiernos-corruptos-y-omisos-mago-corro\/","title":{"rendered":"El pueblo de M\u00e9xico y Veracruz no permitir\u00e1 el regreso de gobiernos corruptos y omisos: Mago Corro"},"content":{"rendered":"<div class=\"xdj266r x11i5rnm xat24cr x1mh8g0r x1vvkbs x126k92a\">\n<div dir=\"auto\">&#8211; La candidata al Congreso de la Uni\u00f3n por el Distrito 17 se\u00f1al\u00f3 que hay nerviosismo en la oposici\u00f3n ante el triunfo de Claudia Sheinbaum y Roc\u00edo Nahle<\/div>\n<\/div>\n<div class=\"x11i5rnm xat24cr x1mh8g0r x1vvkbs xtlvy1s x126k92a\">\n<div dir=\"auto\">&#8211; Se uni\u00f3 al llamado del l\u00edder nacional de Morena, Mario Delgado, para defender el voto<\/div>\n<\/div>\n<div class=\"x11i5rnm xat24cr x1mh8g0r x1vvkbs xtlvy1s x126k92a\">\n<div dir=\"auto\">&#8220;El despertar del pueblo ya nadie lo para; la oposici\u00f3n est\u00e1 preocupada y nerviosa ante el inminente triunfo que se acerca, el pr\u00f3ximo 2 de junio, donde el pueblo de Veracruz y de M\u00e9xico no permitir\u00e1 el regreso de gobiernos corruptos y omisos, que solo velan por el inter\u00e9s de unos cuantos&#8221;, subray\u00f3 la candidata a la Diputaci\u00f3n Federal al Distrito 17, Mago Corro Mendoza.<\/div>\n<\/div>\n<div class=\"x11i5rnm xat24cr x1mh8g0r x1vvkbs xtlvy1s x126k92a\">\n<div dir=\"auto\">Tras la visita de Mario Delgado Carrillo, presidente del Comit\u00e9 Ejecutivo Nacional de Morena a la asamblea informativa en C\u00f3rdoba con la candidata a la gubernatura, Roc\u00edo Nahle, la doctora Corro recalc\u00f3 que la estructura morenista en alianza con los partido de Trabajo (PT) y Verde Ecologista de M\u00e9xico (PVEM) est\u00e1 cerrando filas para alcanzar a m\u00e1s habitantes y que conozcan las propuestas de las y los candidatos de la Coalici\u00f3n &#8216;Sigamos Haciendo Historia&#8217;, ante un proceso plagado de desinformaci\u00f3n y guerra sucia por parte de la oposici\u00f3n.<\/div>\n<\/div>\n<div class=\"x11i5rnm xat24cr x1mh8g0r x1vvkbs xtlvy1s x126k92a\">\n<div dir=\"auto\">&#8220;En Morena, con Roc\u00edo Nahle en Veracruz y Claudia Sheinbaum en la Presidencia, hay confianza de lograr el triunfo. No dejaremos que el pueblo sea enga\u00f1ado por falsas promesas. Fueron muchos a\u00f1os de gobiernos de otros partidos y no vieron las necesidades del pueblo, no valoraron nuestros recursos y solo pensaron en privatizar, negando al pueblo lo que le pertenece. Ahora la tienen dif\u00edcil y solo piensan en el ataque para convencer&#8221;, asever\u00f3.<\/div>\n<\/div>\n<div class=\"x11i5rnm xat24cr x1mh8g0r x1vvkbs xtlvy1s x126k92a\">\n<div dir=\"auto\">Corro Mendoza se sum\u00f3 al pronunciamiento del l\u00edder morenista, de que la transformaci\u00f3n debe continuar en M\u00e9xico y Veracruz y est\u00e1 decisi\u00f3n no est\u00e1 en manos de una familia sino del pueblo, qui\u00e9n en cada acci\u00f3n y estrategia del gobierno del presidente Andr\u00e9s Manuel L\u00f3pez Obrador ha sido testigo del respaldo a los sectores m\u00e1s desprotegidos, demostrando que el objetivo del poder es atender a la poblaci\u00f3n.<\/div>\n<\/div>\n<div class=\"x11i5rnm xat24cr x1mh8g0r x1vvkbs xtlvy1s x126k92a\">\n<div dir=\"auto\">&#8220;Este 2 de junio, la voluntad del pueblo se har\u00e1 escuchar. Porque el progreso y el bienestar debe ser para todos, sin distingos, y eso lo podemos lograr con el Plan C: voto masivo a Morena, para que la voz del pueblo se escuche en la Presidencia de la Rep\u00fablica, el Senado, la gubernatura, el Congreso de la Uni\u00f3n y el Congreso de Veracruz&#8221;, apunt\u00f3.<\/div>\n<\/div>\n<div class=\"x11i5rnm xat24cr x1mh8g0r x1vvkbs xtlvy1s x126k92a\">\n<div dir=\"auto\">El entusiasmo y el j\u00fabilo no se hizo esperar entre las y los asistentes, quienes aplaudieron las expresiones del candidato al Distrito Federal de Cordoba, Zenyazen Escobar; el dirigente nacional Delgado Carrillo y la candidata Roc\u00edo Nahle, reflejando que hay certeza que el segundo piso de la transformaci\u00f3n ser\u00e1 una realidad de la mano de dos mujeres y candidatos comprometidos que tienen profundo amor a M\u00e9xico y Veracruz.<\/div>\n<\/div>\n","protected":false},"excerpt":{"rendered":"<p>&#8211; La candidata al Congreso de la Uni\u00f3n por el Distrito 17 se\u00f1al\u00f3 que hay nerviosismo en la oposici\u00f3n ante el triunfo de Claudia Sheinbaum y Roc\u00edo Nahle &#8211; Se uni\u00f3 al llamado del l\u00edder nacional de Morena, Mario Delgado, para defender el voto &#8220;El despertar del pueblo ya nadie lo para; la oposici\u00f3n est\u00e1&#8230;<\/p>\n","protected":false},"author":2,"featured_media":1689,"comment_status":"closed","ping_status":"closed","sticky":false,"template":"","format":"standard","meta":{"_jetpack_memberships_contains_paid_content":false,"footnotes":"","jetpack_publicize_message":"","jetpack_publicize_feature_enabled":true,"jetpack_social_post_already_shared":true,"jetpack_social_options":{"image_generator_settings":{"template":"highway","default_image_id":0,"font":"","enabled":false},"version":2}},"categories":[3],"tags":[],"class_list":["post-1688","post","type-post","status-publish","format-standard","has-post-thumbnail","hentry","category-politica"],"jetpack_publicize_connections":[],"jetpack_featured_media_url":"https:\/\/veracruzanosexcepcionahles.com\/wp-content\/uploads\/2024\/04\/439263957_833971085427200_5090107016481972471_n-1.jpg","jetpack_sharing_enabled":true,"jetpack_likes_enabled":true,"jetpack_shortlink":"https:\/\/wp.me\/pe8dhK-re","_links":{"self":[{"href":"https:\/\/veracruzanosexcepcionahles.com\/index.php\/wp-json\/wp\/v2\/posts\/1688","targetHints":{"allow":["GET"]}}],"collection":[{"href":"https:\/\/veracruzanosexcepcionahles.com\/index.php\/wp-json\/wp\/v2\/posts"}],"about":[{"href":"https:\/\/veracruzanosexcepcionahles.com\/index.php\/wp-json\/wp\/v2\/types\/post"}],"author":[{"embeddable":true,"href":"https:\/\/veracruzanosexcepcionahles.com\/index.php\/wp-json\/wp\/v2\/users\/2"}],"replies":[{"embeddable":true,"href":"https:\/\/veracruzanosexcepcionahles.com\/index.php\/wp-json\/wp\/v2\/comments?post=1688"}],"version-history":[{"count":0,"href":"https:\/\/veracruzanosexcepcionahles.com\/index.php\/wp-json\/wp\/v2\/posts\/1688\/revisions"}],"wp:featuredmedia":[{"embeddable":true,"href":"https:\/\/veracruzanosexcepcionahles.com\/index.php\/wp-json\/wp\/v2\/media\/1689"}],"wp:attachment":[{"href":"https:\/\/veracruzanosexcepcionahles.com\/index.php\/wp-json\/wp\/v2\/media?parent=1688"}],"wp:term":[{"taxonomy":"category","embeddable":true,"href":"https:\/\/veracruzanosexcepcionahles.com\/index.php\/wp-json\/wp\/v2\/categories?post=1688"},{"taxonomy":"post_tag","embeddable":true,"href":"https:\/\/veracruzanosexcepcionahles.com\/index.php\/wp-json\/wp\/v2\/tags?post=1688"}],"curies":[{"name":"wp","href":"https:\/\/api.w.org\/{rel}","templated":true}]}}