{"id":1642,"date":"2024-04-16T16:31:25","date_gmt":"2024-04-16T22:31:25","guid":{"rendered":"https:\/\/veracruzanosexcepcionahles.com\/?p=1642"},"modified":"2024-04-16T16:31:25","modified_gmt":"2024-04-16T22:31:25","slug":"becas-y-capacitacion-para-profesionalizar-al-magisterio-anuncia-rocio-nahle","status":"publish","type":"post","link":"https:\/\/veracruzanosexcepcionahles.com\/index.php\/2024\/04\/16\/becas-y-capacitacion-para-profesionalizar-al-magisterio-anuncia-rocio-nahle\/","title":{"rendered":"BECAS Y CAPACITACI\u00d3N PARA PROFESIONALIZAR AL MAGISTERIO ANUNCIA ROC\u00cdO NAHLE"},"content":{"rendered":"<p>^Presenta su compromiso 41 en la tierra del Cristo Negro.<br \/>\n^El magisterio merece respeto, apoyo y profesionalizaci\u00f3n.<\/p>\n<p>Otatitl\u00e1n, Ver., martes 16 de abril de 2024.- Los maestros forman a las nuevas generaciones y la escuela es nuestra segunda casa, por eso al magisterio hay que apoyarlo con becas y capacitaci\u00f3n para profesionalizar la ense\u00f1anza desde el nivel b\u00e1sico y mitigar el rezago educativo, afirm\u00f3 la candidata a la gubernatura de Morena, PT, Partido Verde y Fuerza por M\u00e9xico en Veracruz, Roc\u00edo Nahle Garc\u00eda.<\/p>\n<p>Al presentar su compromiso 41, dirigido a la profesionalizaci\u00f3n de las maestras y maestros, explic\u00f3 que con las becas y estrategias bien definidas, se combatir\u00e1 el rezago y analfabetismo.<\/p>\n<p>Hoy, Roc\u00edo Nahle lleg\u00f3 al municipio 148 recorrido en esta campa\u00f1a, en este marco refiri\u00f3 que sin educaci\u00f3n no hay transformaci\u00f3n, es por ello que el tema de educaci\u00f3n es prioritario para su plan de gobierno.<\/p>\n<p>\u201cLos maestros de educaci\u00f3n b\u00e1sica, ellos necesitan estar en constante capacitaci\u00f3n, en constante capacitaci\u00f3n, y yo me puse de acuerdo con el magisterio y le dije si, pero cuesta la capacitaci\u00f3n, a los maestros les cuesta, vamos a darles becas a los maestros para su capacitaci\u00f3n es que eso se va a ver reflejado en las aulas y en la educaci\u00f3n de todos nuestros ni\u00f1os y j\u00f3venes de Veracruz, eso es un hecho y eso est\u00e1 en uno de los puntos de los que yo me comprometo\u201d, asegur\u00f3.<\/p>\n<p>Como parte de las acciones para erradicar el analfabetismo y rezago educativo, agreg\u00f3, se acord\u00f3 con el magisterio crear n\u00facleos de ense\u00f1anza para que quienes por alguna circunstancia no estudiaron o no concluyeron sus estudios.<\/p>\n<p>En coordinaci\u00f3n con la federaci\u00f3n tambi\u00e9n se fortalecer\u00e1 el programa federal \u201cLa Escuela es Nuestra\u201d para rehabilitar y ampliar los m\u00e1s de 23 mil planteles educativos con los que cuenta la entidad veracruzana.<\/p>\n","protected":false},"excerpt":{"rendered":"<p>^Presenta su compromiso 41 en la tierra del Cristo Negro. ^El magisterio merece respeto, apoyo y profesionalizaci\u00f3n. Otatitl\u00e1n, Ver., martes 16 de abril de 2024.- Los maestros forman a las nuevas generaciones y la escuela es nuestra segunda casa, por eso al magisterio hay que apoyarlo con becas y capacitaci\u00f3n para profesionalizar la ense\u00f1anza desde&#8230;<\/p>\n","protected":false},"author":2,"featured_media":1643,"comment_status":"closed","ping_status":"closed","sticky":false,"template":"","format":"standard","meta":{"_jetpack_memberships_contains_paid_content":false,"footnotes":"","jetpack_publicize_message":"","jetpack_publicize_feature_enabled":true,"jetpack_social_post_already_shared":true,"jetpack_social_options":{"image_generator_settings":{"template":"highway","default_image_id":0,"font":"","enabled":false},"version":2}},"categories":[23],"tags":[],"class_list":["post-1642","post","type-post","status-publish","format-standard","has-post-thumbnail","hentry","category-actividadesnahle"],"jetpack_publicize_connections":[],"jetpack_featured_media_url":"https:\/\/veracruzanosexcepcionahles.com\/wp-content\/uploads\/2024\/04\/82272ab9-ba3d-454a-bb4e-75174d0f3732.jpg","jetpack_sharing_enabled":true,"jetpack_likes_enabled":true,"jetpack_shortlink":"https:\/\/wp.me\/pe8dhK-qu","_links":{"self":[{"href":"https:\/\/veracruzanosexcepcionahles.com\/index.php\/wp-json\/wp\/v2\/posts\/1642","targetHints":{"allow":["GET"]}}],"collection":[{"href":"https:\/\/veracruzanosexcepcionahles.com\/index.php\/wp-json\/wp\/v2\/posts"}],"about":[{"href":"https:\/\/veracruzanosexcepcionahles.com\/index.php\/wp-json\/wp\/v2\/types\/post"}],"author":[{"embeddable":true,"href":"https:\/\/veracruzanosexcepcionahles.com\/index.php\/wp-json\/wp\/v2\/users\/2"}],"replies":[{"embeddable":true,"href":"https:\/\/veracruzanosexcepcionahles.com\/index.php\/wp-json\/wp\/v2\/comments?post=1642"}],"version-history":[{"count":0,"href":"https:\/\/veracruzanosexcepcionahles.com\/index.php\/wp-json\/wp\/v2\/posts\/1642\/revisions"}],"wp:featuredmedia":[{"embeddable":true,"href":"https:\/\/veracruzanosexcepcionahles.com\/index.php\/wp-json\/wp\/v2\/media\/1643"}],"wp:attachment":[{"href":"https:\/\/veracruzanosexcepcionahles.com\/index.php\/wp-json\/wp\/v2\/media?parent=1642"}],"wp:term":[{"taxonomy":"category","embeddable":true,"href":"https:\/\/veracruzanosexcepcionahles.com\/index.php\/wp-json\/wp\/v2\/categories?post=1642"},{"taxonomy":"post_tag","embeddable":true,"href":"https:\/\/veracruzanosexcepcionahles.com\/index.php\/wp-json\/wp\/v2\/tags?post=1642"}],"curies":[{"name":"wp","href":"https:\/\/api.w.org\/{rel}","templated":true}]}}