{"id":1621,"date":"2024-04-15T13:39:31","date_gmt":"2024-04-15T19:39:31","guid":{"rendered":"https:\/\/veracruzanosexcepcionahles.com\/?p=1621"},"modified":"2024-04-15T13:39:31","modified_gmt":"2024-04-15T19:39:31","slug":"salsa-fest-lista-la-cartelera-de-artistas-internacionales-esperan-casa-llena","status":"publish","type":"post","link":"https:\/\/veracruzanosexcepcionahles.com\/index.php\/2024\/04\/15\/salsa-fest-lista-la-cartelera-de-artistas-internacionales-esperan-casa-llena\/","title":{"rendered":"Salsa Fest: lista la cartelera de artistas internacionales, esperan casa llena"},"content":{"rendered":"<p>*Podr\u00e1s adquirir tus boletos gratuitos a partir del 18 de abril<\/p>\n<p>Boca del R\u00edo, Ver., 15 de abril de 2024.- La pr\u00f3xima edici\u00f3n del Salsa Fest contar\u00e1 con m\u00e1s espacio y equipo de video, audio e iluminaci\u00f3n, a fin de que los asistentes disfruten al m\u00e1ximo a los artistas internacionales los d\u00edas 13, 14 y 15 de junio en la sede mundial de la salsa; ser\u00e1n tres noches en que los organizadores esperan romper todos los r\u00e9cords de 2023.<\/p>\n<p>El jueves de esta semana, la Secretar\u00eda de Turismo dar\u00e1 a conocer la cartelera en la Ciudad de M\u00e9xico y Puebla; a partir de esa fecha quedar\u00e1 abierto el registro en la p\u00e1gina www.salsafestveracruz.com para la obtenci\u00f3n de los boletos gratuitos. El 22 de abril har\u00e1 lo mismo en Hidalgo y el 23 en Tabasco.<\/p>\n<p>Seg\u00fan la dependencia, el a\u00f1o pasado arribaron m\u00e1s de 427 mil visitantes y la derrama lleg\u00f3 a 633 millones 241 mil pesos, con la presencia de 30 entidades del pa\u00eds y 12 naciones: Alemania, Canad\u00e1, Colombia, Costa Rica, Espa\u00f1a, Estados Unidos, Francia, Marruecos, Per\u00fa, Puerto Rico, Rusia y Venezuela.<\/p>\n<p>Entre el elenco ya confirmado para este 2024 destacan Danny Daniel, Rub\u00e9n Blades con Roberto Delgado Big Band y V\u00edctor Manuelle el jueves 13; las orquestas Tromboranga y Guayac\u00e1n y la Sonora Carruseles el viernes 14, adem\u00e1s de Elito Rev\u00e9, \u00d3scar D\u2019Le\u00f3n y Septeto Acarey el s\u00e1bado 15, cerrando un artista sorpresa cada noche que ir\u00e1 siendo develado en las pr\u00f3ximas conferencias.<\/p>\n<p>A decir de la ampliaci\u00f3n del \u00e1rea y equipos de sonido y pantallas, la intenci\u00f3n es que nadie se quede sin ver y escuchar a su cantante favorito, pues en la pasada edici\u00f3n hubo registro de 180 mil personas en la fecha de cierre y todas las presentaciones lucieron igualmente abarrotadas.<\/p>\n<p>Dado que muchos int\u00e9rpretes y bandas consideran al Salsa Fest una ventana de oportunidad y un referente dentro de sus giras mundiales, podr\u00eda darse aqu\u00ed la despedida de un grande del g\u00e9nero que igual se mantiene reservado hasta que \u00e9l mismo confirme su asistencia.<\/p>\n<p>En la presentaci\u00f3n de este lunes hizo gala de baile y pasi\u00f3n la compa\u00f1\u00eda profesional Fuego en la Pista de la Academia de Baile de Israel Aquino, acompa\u00f1ados por el grupo Salsabor. As\u00ed que ya lo sabes, la ciudad de Boca del R\u00edo, capital mundial de la salsa, te espera en junio con toda su oferta comercial, hotelera y gastron\u00f3mica en una experiencia sin igual.<\/p>\n","protected":false},"excerpt":{"rendered":"<p>*Podr\u00e1s adquirir tus boletos gratuitos a partir del 18 de abril Boca del R\u00edo, Ver., 15 de abril de 2024.- La pr\u00f3xima edici\u00f3n del Salsa Fest contar\u00e1 con m\u00e1s espacio y equipo de video, audio e iluminaci\u00f3n, a fin de que los asistentes disfruten al m\u00e1ximo a los artistas internacionales los d\u00edas 13, 14 y&#8230;<\/p>\n","protected":false},"author":2,"featured_media":1622,"comment_status":"closed","ping_status":"closed","sticky":false,"template":"","format":"standard","meta":{"_jetpack_memberships_contains_paid_content":false,"footnotes":"","jetpack_publicize_message":"","jetpack_publicize_feature_enabled":true,"jetpack_social_post_already_shared":true,"jetpack_social_options":{"image_generator_settings":{"template":"highway","default_image_id":0,"font":"","enabled":false},"version":2}},"categories":[2],"tags":[],"class_list":["post-1621","post","type-post","status-publish","format-standard","has-post-thumbnail","hentry","category-gobiernoestatal"],"jetpack_publicize_connections":[],"jetpack_featured_media_url":"https:\/\/veracruzanosexcepcionahles.com\/wp-content\/uploads\/2024\/04\/0d348df4-27c7-47ba-b334-c2d20eea3096-scaled.jpg","jetpack_sharing_enabled":true,"jetpack_likes_enabled":true,"jetpack_shortlink":"https:\/\/wp.me\/pe8dhK-q9","_links":{"self":[{"href":"https:\/\/veracruzanosexcepcionahles.com\/index.php\/wp-json\/wp\/v2\/posts\/1621","targetHints":{"allow":["GET"]}}],"collection":[{"href":"https:\/\/veracruzanosexcepcionahles.com\/index.php\/wp-json\/wp\/v2\/posts"}],"about":[{"href":"https:\/\/veracruzanosexcepcionahles.com\/index.php\/wp-json\/wp\/v2\/types\/post"}],"author":[{"embeddable":true,"href":"https:\/\/veracruzanosexcepcionahles.com\/index.php\/wp-json\/wp\/v2\/users\/2"}],"replies":[{"embeddable":true,"href":"https:\/\/veracruzanosexcepcionahles.com\/index.php\/wp-json\/wp\/v2\/comments?post=1621"}],"version-history":[{"count":0,"href":"https:\/\/veracruzanosexcepcionahles.com\/index.php\/wp-json\/wp\/v2\/posts\/1621\/revisions"}],"wp:featuredmedia":[{"embeddable":true,"href":"https:\/\/veracruzanosexcepcionahles.com\/index.php\/wp-json\/wp\/v2\/media\/1622"}],"wp:attachment":[{"href":"https:\/\/veracruzanosexcepcionahles.com\/index.php\/wp-json\/wp\/v2\/media?parent=1621"}],"wp:term":[{"taxonomy":"category","embeddable":true,"href":"https:\/\/veracruzanosexcepcionahles.com\/index.php\/wp-json\/wp\/v2\/categories?post=1621"},{"taxonomy":"post_tag","embeddable":true,"href":"https:\/\/veracruzanosexcepcionahles.com\/index.php\/wp-json\/wp\/v2\/tags?post=1621"}],"curies":[{"name":"wp","href":"https:\/\/api.w.org\/{rel}","templated":true}]}}