{"id":1561,"date":"2024-04-01T23:20:39","date_gmt":"2024-04-02T05:20:39","guid":{"rendered":"https:\/\/veracruzanosexcepcionahles.com\/?p=1561"},"modified":"2024-04-01T23:20:39","modified_gmt":"2024-04-02T05:20:39","slug":"arranca-nahle-en-ocho-ejes-y-ochenta-compromisos-sustenta-su-plan-de-gobierno-2024-2030","status":"publish","type":"post","link":"https:\/\/veracruzanosexcepcionahles.com\/index.php\/2024\/04\/01\/arranca-nahle-en-ocho-ejes-y-ochenta-compromisos-sustenta-su-plan-de-gobierno-2024-2030\/","title":{"rendered":"\u00a1ARRANCA NAHLE! EN OCHO EJES Y OCHENTA COMPROMISOS SUSTENTA SU PLAN DE GOBIERNO 2024- 2030"},"content":{"rendered":"<p>^En Veracruz no caben las monarqu\u00edas ni los vestigios del neoliberalismo conservador.<br \/>\n^Es tiempo de mujeres y el 2 de junio van \u2018cinco de cinco\u2019<br \/>\n^Malec\u00f3n de Veracruz a reventar de simpatizantes, militantes y ciudadanos en general que apoyan la candidatura de Roc\u00edo Nahle.<br \/>\n^Presenta los 8 ejes de trabajo y 80 compromisos sobre los que se basa el Plan Estatal de Desarrollo 2024- 2030.<br \/>\n^Claudia Sheinbaum vendr\u00e1 a Veracruz en distintos momentos de esta campa\u00f1a electoral.<br \/>\n^La acompa\u00f1aron Citlalli Hern\u00e1ndez Mora, secretaria general de Morena y Gerardo Fern\u00e1ndez Noro\u00f1a, coordinador con organizaciones sociales y civiles de la campa\u00f1a de Claudia Sheinbaum.<\/p>\n<p>Veracruz, Ver., domingo 31 de marzo de 2024.- Educaci\u00f3n, Seguridad y Derechos Humanos, Salud, Desarrollo Econ\u00f3mico, Infraestructura, Bienestar Social, Campo, Ganader\u00eda y Pesca, as\u00ed como Turismo y Cultura, son los ocho ejes que sustentan el Plan Estatal de Desarrollo 2024- 2030 propuesto por la candidata a la gubernatura de la coalici\u00f3n \u201cSigamos haciendo historia en Veracruz\u201d, Roc\u00edo Nahle Garc\u00eda.<\/p>\n<p>En el arranque de campa\u00f1a que realiz\u00f3 este domingo desde aqu\u00ed, Nahle Garc\u00eda destac\u00f3 los 80 compromisos que desde ahora asume de cara a la pr\u00f3xima administraci\u00f3n que sin duda encabezar\u00e1 y que, dijo, ser\u00e1n respaldados por la pr\u00f3xima presidenta de M\u00e9xico, Claudia Sheinbaum Pardo.<\/p>\n<p>Record\u00f3 que en Veracruz no caben las monarqu\u00edas y por ello, explic\u00f3, hoy m\u00e1s que nunca un estado libre y soberano debe reflejarse en la realidad de los veracruzanos.<\/p>\n<p>\u201cAqu\u00ed en Veracruz, afortunadamente se desterr\u00f3 a los vicios y pretensiones de pseudomonarqu\u00edas que han representado las peores pr\u00e1cticas clasistas y discriminatorias pero sobre todo han actuado en contra de los intereses de los veracruzanos y de la naci\u00f3n traicionando a la patria al ser part\u00edcipes en las reformas entreguistas que se llevaron a cabo en el r\u00e9gimen neoliberal\u201d, puntualiz\u00f3.<\/p>\n<p>A\u00f1adi\u00f3 que la verdadera ganadora el pr\u00f3ximo 2 de junio ser\u00e1 la democracia que una vez m\u00e1s se ejercer\u00e1 en la entidad porque \u201cVeracruz ya decidi\u00f3 y decidi\u00f3 por una mujer\u201d, afirm\u00f3.<\/p>\n<p>En el discurso que dirigi\u00f3 a los presentes, explic\u00f3 que los gobiernos neoliberales insensibles quedaron atr\u00e1s y ahora a la 4T le toca garantizar que las pr\u00f3ximas generaciones vivan en un entorno digno, principalmente las mujeres, madres solteras y de la tercera edad de 60 a 64 a\u00f1os tal como se ha comprometido la aspirante presidencial morenista, Claudia Sheinbaum Pardo.<\/p>\n<p>En un escenario plet\u00f3rico, acompa\u00f1ada de su familia, lleno de alegr\u00eda y convicci\u00f3n por la izquierda, Roc\u00edo Nahle Garc\u00eda reiter\u00f3 que Morena no tiene due\u00f1o porque es un instrumento pol\u00edtico al servicio del pueblo.<\/p>\n<p>Hoy, dijo, fue un arranque bonito, \u201cdiferente a la kerm\u00e9s que tuvo la oposici\u00f3n\u201d, aqu\u00ed, subray\u00f3, se llen\u00f3 de gente convencida de que el neoliberalismo no debe regresar, puntualiz\u00f3.<\/p>\n<p>Agreg\u00f3 que en este tiempo de mujeres los veracruzanos saben que la pr\u00f3xima presidenta de nuestro pa\u00eds se llama Claudia Sheinbaum Pardo y la pr\u00f3xima gobernadora de Veracruz Roc\u00edo Nahle porque \u201ccandidata tienen y gobernadora van a tener\u201d, manifest\u00f3.<\/p>\n<p>El camino est\u00e1 trazado y lo que viene es la aceleraci\u00f3n de la transformaci\u00f3n, puntualiz\u00f3.<\/p>\n<p>\u201cEs necesario un plan concreto que en seis a\u00f1os tenga un impacto directo, que los recursos p\u00fablicos se vean inmediatamente en obras y acciones de beneficio com\u00fan\u201d, agreg\u00f3.<\/p>\n<p>Uno de los objetivos, subray\u00f3, es colocar a Veracruz en el lugar que les corresponde en materia de desarrollo econ\u00f3mico, particularmente para los emprendedores quienes ser\u00e1n el conducto para impulsar la marca \u201cHecho en Veracruz\u201d<\/p>\n<p>Igualmente, expres\u00f3 que se trabajar\u00e1 para reforzar a las cooperativas de los sectores productivos y apoyar las cadenas de suministro acompa\u00f1ados de un sistema de seguridad a fin de erradicar riesgos y corrupci\u00f3n.<\/p>\n<p>Roc\u00edo Nahle se comprometi\u00f3 a fomentar las actividades econ\u00f3micas alineadas a la vocaci\u00f3n natural del estado en lo que respecta a agricultura, ganader\u00eda, pesca, entre otros.<\/p>\n<p>El sistema portuario veracruzano, integrado por terminales de cabotaje y altura tendr\u00e1n una gesti\u00f3n puntual por parte del gobierno de Veracruz, dijo.<\/p>\n<p>Aqu\u00ed, sentenci\u00f3, si hay propuesta y adem\u00e1s una visi\u00f3n de estado humanista y que prioriza la base social.<\/p>\n<p>\u201cUstedes podr\u00e1n ver compa\u00f1eros y compa\u00f1eras que con estas acciones iniciaremos un gobierno humanista y con justicia social en Veracruz, por tanto me comprometo a trabajar como siempre lo he hecho con metas y resultados\u201d, asegur\u00f3.<\/p>\n<p>Arropada por Citlalli Hern\u00e1ndez Mora, secretaria general del Comit\u00e9 Ejecutivo Nacional de Morena y Gerardo Fern\u00e1ndez Noro\u00f1a, coordinador con organizaciones sociales y civiles de la campa\u00f1a de Claudia Sheinbaum, Roc\u00edo Nahle Garc\u00eda confirm\u00f3 que la abanderada presidencial de Morena, PT, PVEM y Fuerza por M\u00e9xico, visitar\u00e1 en distintas ocasiones las cabeceras distritales en estos dos meses que restan a las campa\u00f1as pol\u00edticas.<\/p>\n<p>Acompa\u00f1aron tambi\u00e9n a Nahle Garc\u00eda, los candidatos a senadores Claudia Tello Espinosa y Manuel Huerta Ladr\u00f3n de Guevara as\u00ed como los aspirantes a diputados federales por P\u00e1nuco, Mar\u00eda del Carmen Pinete Vargas; \u00c1lamo, Elizabeth Cervantes; Cosoleacaque, Magaly Armenta; Boca del R\u00edo, Byron Barranco; Poza Rica de Hidalgo, Francisco Javier Vallejo;<br \/>\nPapantla, Jaime Humberto P\u00e9rez Bernabe;<br \/>\nMart\u00ednez de la Torre, M\u00f3nica Herrera;<br \/>\nLas Trancas, Jorge Alberto Mier Acolt;<br \/>\nCoatepec, Adri\u00e1n Gonz\u00e1lez Naveda;<br \/>\nXalapa, Rafael Gonz\u00e1lez Villalpando;<br \/>\nCoatzacoalcos, Tania Cruz Santos;<br \/>\nVeracruz, Rosa Mar\u00eda Hern\u00e1ndez Espejo;<br \/>\nHuatusco, Blanca Esthela Hern\u00e1ndez;<br \/>\nMinatitl\u00e1n, Jessica Ram\u00edrez Cisneros;<br \/>\nOrizaba, Corina Villegas; C\u00f3rdoba, Zenyazen Escobar Garc\u00eda; Cosamaloapan, Margarita Corro Mendoza; Zongolica, Benito Aguas y San Andr\u00e9s Tuxtla, Paola Tenorio.<\/p>\n<p>De igual manera, asistieron como invitados los aspirantes a diputados locales por la coalici\u00f3n Morena, PT, PVEM y Fuerza por M\u00e9xico.<\/p>\n<p>AGENDA LUNES 01 DE ABRIL A 07 DE ABRIL<\/p>\n<p>Lunes 1 de abril, Yecuatla a la 1:00 p.m. en Calle 5 de mayo y San Rafael 4:00 p.m. en la Glorieta del parque \u201cSan Rafael\u201d<\/p>\n<p>Martes 2 de abril: Tamiahua 10:30 a.m. en la Unidad Deportiva \u201cSergio Lira\u201d; Naranjos 1:00 p.m. en Av. Justo Sierra y Tempoal 4:30 p.m. en calle 5 de Febrero esquina Independencia.<\/p>\n<p>Mi\u00e9rcoles 3 de abril: Atzalan 10:30 a.m. en calle Daniel Guzm\u00e1n esquina Porfirio D\u00eda; Rafael Lucio 2:30 p.m. calle Constituci\u00f3n a un costado del Palacio Municipal y Tepetl\u00e1n 5:00 p.m. en calle Plaza de Armas.<\/p>\n<p>Jueves 4 de abril: Ayahualulco 10:30 a.m. en calle Independencia; Jalcomulco 1:30 p.m. en la Explanada Central y Comapa 4:30 p.m. en Cancha de Usos M\u00faltiples \u201cBenito Ju\u00e1rez\u201d<\/p>\n<p>Viernes 5 de abril: Tezonapa 10:30 a.m. en bulevar Emiliano Zapata; Coetzala 2:00 p.m. en Arco Techo y Tomatl\u00e1n a las 4:30 p.m. en Parque Municipal.<\/p>\n<p>S\u00e1bado 6 de abril: Yanga a las 10:30 a.m. en Parque Negro; Carrillo Puerto 1:00 p.m. en Parque Municipal y Tuxtilla 4:00 p.m. en Parque \u2018Miguel Hidalgo\u2019<\/p>\n<p>Domingo 7 de abril: Oluta a las 10:30 a.m. en Calle Hidalgo esquina Zamora; Chinameca 1:00 p.m. en Parque Chinameca y Las Choapas 4:00 p.m. en el Parque Ju\u00e1rez.<\/p>\n","protected":false},"excerpt":{"rendered":"<p>^En Veracruz no caben las monarqu\u00edas ni los vestigios del neoliberalismo conservador. ^Es tiempo de mujeres y el 2 de junio van \u2018cinco de cinco\u2019 ^Malec\u00f3n de Veracruz a reventar de simpatizantes, militantes y ciudadanos en general que apoyan la candidatura de Roc\u00edo Nahle. ^Presenta los 8 ejes de trabajo y 80 compromisos sobre los&#8230;<\/p>\n","protected":false},"author":2,"featured_media":1562,"comment_status":"closed","ping_status":"closed","sticky":false,"template":"","format":"standard","meta":{"_jetpack_memberships_contains_paid_content":false,"footnotes":"","jetpack_publicize_message":"","jetpack_publicize_feature_enabled":true,"jetpack_social_post_already_shared":true,"jetpack_social_options":{"image_generator_settings":{"template":"highway","default_image_id":0,"font":"","enabled":false},"version":2}},"categories":[23],"tags":[],"class_list":["post-1561","post","type-post","status-publish","format-standard","has-post-thumbnail","hentry","category-actividadesnahle"],"jetpack_publicize_connections":[],"jetpack_featured_media_url":"https:\/\/veracruzanosexcepcionahles.com\/wp-content\/uploads\/2024\/04\/4102e001-3c92-4d71-b9a2-61b804befb53.jpg","jetpack_sharing_enabled":true,"jetpack_likes_enabled":true,"jetpack_shortlink":"https:\/\/wp.me\/pe8dhK-pb","_links":{"self":[{"href":"https:\/\/veracruzanosexcepcionahles.com\/index.php\/wp-json\/wp\/v2\/posts\/1561","targetHints":{"allow":["GET"]}}],"collection":[{"href":"https:\/\/veracruzanosexcepcionahles.com\/index.php\/wp-json\/wp\/v2\/posts"}],"about":[{"href":"https:\/\/veracruzanosexcepcionahles.com\/index.php\/wp-json\/wp\/v2\/types\/post"}],"author":[{"embeddable":true,"href":"https:\/\/veracruzanosexcepcionahles.com\/index.php\/wp-json\/wp\/v2\/users\/2"}],"replies":[{"embeddable":true,"href":"https:\/\/veracruzanosexcepcionahles.com\/index.php\/wp-json\/wp\/v2\/comments?post=1561"}],"version-history":[{"count":0,"href":"https:\/\/veracruzanosexcepcionahles.com\/index.php\/wp-json\/wp\/v2\/posts\/1561\/revisions"}],"wp:featuredmedia":[{"embeddable":true,"href":"https:\/\/veracruzanosexcepcionahles.com\/index.php\/wp-json\/wp\/v2\/media\/1562"}],"wp:attachment":[{"href":"https:\/\/veracruzanosexcepcionahles.com\/index.php\/wp-json\/wp\/v2\/media?parent=1561"}],"wp:term":[{"taxonomy":"category","embeddable":true,"href":"https:\/\/veracruzanosexcepcionahles.com\/index.php\/wp-json\/wp\/v2\/categories?post=1561"},{"taxonomy":"post_tag","embeddable":true,"href":"https:\/\/veracruzanosexcepcionahles.com\/index.php\/wp-json\/wp\/v2\/tags?post=1561"}],"curies":[{"name":"wp","href":"https:\/\/api.w.org\/{rel}","templated":true}]}}