{"id":1557,"date":"2024-03-29T23:10:06","date_gmt":"2024-03-30T05:10:06","guid":{"rendered":"https:\/\/veracruzanosexcepcionahles.com\/?p=1557"},"modified":"2024-03-29T23:10:06","modified_gmt":"2024-03-30T05:10:06","slug":"si-llega-una-llegamos-todas-rocio-nahle","status":"publish","type":"post","link":"https:\/\/veracruzanosexcepcionahles.com\/index.php\/2024\/03\/29\/si-llega-una-llegamos-todas-rocio-nahle\/","title":{"rendered":"SI LLEGA UNA, LLEGAMOS TODAS: ROC\u00cdO NAHLE"},"content":{"rendered":"<p>^Es el momento de demostrar que las mujeres estamos a la altura, dijo Nahle.<br \/>\n^El domingo est\u00e1n invitados e invitadas al inicio de campa\u00f1a en la Macroplaza del Malec\u00f3n de Veracruz puerto a las 5:00 p.m.<\/p>\n<p>Veracruz, Ver., viernes 29 de marzo de 2024.- Las mujeres se enfrentan al reto m\u00e1s importante en la historia de M\u00e9xico porque tienen la oportunidad de acceder a cargos de elecci\u00f3n popular y de decisi\u00f3n, asegur\u00f3 la Ingeniera Roc\u00edo Nahle Garc\u00eda, candidata al gobierno de Veracruz por la coalici\u00f3n \u201cSigamos haciendo historia\u201d<\/p>\n<p>La abanderada de Morena, PT, Partido Verde y Fuerza por M\u00e9xico en Veracruz, dijo que no solo es un momento crucial donde con trabajo, tes\u00f3n, preparaci\u00f3n y sustentadas en una revoluci\u00f3n ideol\u00f3gica, las mujeres se han hecho activas participantes de la vida pol\u00edtica y social de M\u00e9xico, tambi\u00e9n es recuperar el respeto y los espacios que por derecho, equidad e igualdad la historia les reserva.<\/p>\n<p>Las mujeres, reiter\u00f3, son las que est\u00e1n escribiendo la historia, y el gran ejemplo de ello es que Claudia Sheinbaum ser\u00e1 la primera mujer presidenta de M\u00e9xico y Veracruz tiene la enorme oportunidad de tener a su primera gobernadora.<\/p>\n<p>\u201cLas mujeres tenemos en este momento una gran responsabilidad, tanto la doctora Claudia Sheinbaum, una servidora y dem\u00e1s compa\u00f1eras que participan en este proceso tenemos una gran responsabilidad de abrir brecha, de abrir caminos para las que vienen atr\u00e1s, como decimos, si llega una, llegamos todas, las mujeres hemos avanzado porque nos hemos preparado, y las mujeres tenemos que demostrar que estamos a la altura\u201d, destac\u00f3.<\/p>\n<p>Indic\u00f3 que el proceso de intercampa\u00f1as est\u00e1 por concluir para iniciar con las campa\u00f1as formales el pr\u00f3ximo domingo 31 de marzo.<\/p>\n<p>En su caso, todo est\u00e1 listo para su arranque en la explanada del Malec\u00f3n de Veracruz en punto de las 5:00 p.m.<\/p>\n<p>\u201cEstamos en un proceso electoral que marca fechas y calendarios, y dentro de esa fecha y calendario el domingo 31 de marzo arranca oficialmente la campa\u00f1a rumbo a la gubernatura para el estado de Veracruz en el cual tengo el honor de ser la abanderada de Morena, Partido Verde, Partido del Trabajo y Fuerza por M\u00e9xico\u201d, puntualiz\u00f3.<\/p>\n<p>En este periodo, manifest\u00f3, pudo reunirse con todos los sectores que abonaron a la construcci\u00f3n del Plan Estatal de Desarrollo 2024- 2030.<\/p>\n<p>\u201cHemos estado en este proceso de intercampa\u00f1as reuni\u00e9ndonos con diferentes sectores productivos, en Veracruz somos productores de ca\u00f1a, somos productores de caf\u00e9, de los mejores caf\u00e9s junto con los hermanos de Chiapas y Oaxaca, somos productores de c\u00edtricos, pi\u00f1a, ganader\u00eda, es un estado muy grande, muy rico, muy productivo y nos hemos reunido con todos\u201d, enfatiz\u00f3.<\/p>\n<p>Destac\u00f3 que este plan de desarrollo, ha sido nutrido con la opini\u00f3n de todos \u201cy efectivamente vamos a trabajar unidos y en conjunto\u201d, concluy\u00f3.<\/p>\n","protected":false},"excerpt":{"rendered":"<p>^Es el momento de demostrar que las mujeres estamos a la altura, dijo Nahle. ^El domingo est\u00e1n invitados e invitadas al inicio de campa\u00f1a en la Macroplaza del Malec\u00f3n de Veracruz puerto a las 5:00 p.m. Veracruz, Ver., viernes 29 de marzo de 2024.- Las mujeres se enfrentan al reto m\u00e1s importante en la historia&#8230;<\/p>\n","protected":false},"author":2,"featured_media":1558,"comment_status":"closed","ping_status":"closed","sticky":false,"template":"","format":"standard","meta":{"_jetpack_memberships_contains_paid_content":false,"footnotes":"","jetpack_publicize_message":"","jetpack_publicize_feature_enabled":true,"jetpack_social_post_already_shared":true,"jetpack_social_options":{"image_generator_settings":{"template":"highway","default_image_id":0,"font":"","enabled":false},"version":2}},"categories":[23],"tags":[],"class_list":["post-1557","post","type-post","status-publish","format-standard","has-post-thumbnail","hentry","category-actividadesnahle"],"jetpack_publicize_connections":[],"jetpack_featured_media_url":"https:\/\/veracruzanosexcepcionahles.com\/wp-content\/uploads\/2024\/03\/WhatsApp-Image-2024-03-29-at-10.09.25-AM.jpeg","jetpack_sharing_enabled":true,"jetpack_likes_enabled":true,"jetpack_shortlink":"https:\/\/wp.me\/pe8dhK-p7","_links":{"self":[{"href":"https:\/\/veracruzanosexcepcionahles.com\/index.php\/wp-json\/wp\/v2\/posts\/1557","targetHints":{"allow":["GET"]}}],"collection":[{"href":"https:\/\/veracruzanosexcepcionahles.com\/index.php\/wp-json\/wp\/v2\/posts"}],"about":[{"href":"https:\/\/veracruzanosexcepcionahles.com\/index.php\/wp-json\/wp\/v2\/types\/post"}],"author":[{"embeddable":true,"href":"https:\/\/veracruzanosexcepcionahles.com\/index.php\/wp-json\/wp\/v2\/users\/2"}],"replies":[{"embeddable":true,"href":"https:\/\/veracruzanosexcepcionahles.com\/index.php\/wp-json\/wp\/v2\/comments?post=1557"}],"version-history":[{"count":0,"href":"https:\/\/veracruzanosexcepcionahles.com\/index.php\/wp-json\/wp\/v2\/posts\/1557\/revisions"}],"wp:featuredmedia":[{"embeddable":true,"href":"https:\/\/veracruzanosexcepcionahles.com\/index.php\/wp-json\/wp\/v2\/media\/1558"}],"wp:attachment":[{"href":"https:\/\/veracruzanosexcepcionahles.com\/index.php\/wp-json\/wp\/v2\/media?parent=1557"}],"wp:term":[{"taxonomy":"category","embeddable":true,"href":"https:\/\/veracruzanosexcepcionahles.com\/index.php\/wp-json\/wp\/v2\/categories?post=1557"},{"taxonomy":"post_tag","embeddable":true,"href":"https:\/\/veracruzanosexcepcionahles.com\/index.php\/wp-json\/wp\/v2\/tags?post=1557"}],"curies":[{"name":"wp","href":"https:\/\/api.w.org\/{rel}","templated":true}]}}