{"id":1504,"date":"2024-03-19T13:18:21","date_gmt":"2024-03-19T19:18:21","guid":{"rendered":"https:\/\/veracruzanosexcepcionahles.com\/?p=1504"},"modified":"2024-03-19T13:18:21","modified_gmt":"2024-03-19T19:18:21","slug":"alrededor-de-mil-elementos-resguardan-la-seguridad-en-cumbre-tajin","status":"publish","type":"post","link":"https:\/\/veracruzanosexcepcionahles.com\/index.php\/2024\/03\/19\/alrededor-de-mil-elementos-resguardan-la-seguridad-en-cumbre-tajin\/","title":{"rendered":"Alrededor de mil elementos resguardan la seguridad en Cumbre Taj\u00edn  \u00a0"},"content":{"rendered":"<p><b><span lang=\"ES\">Xalapa, Ver., 19 de marzo de 2024.-<\/span><\/b><span lang=\"ES\">\u00a0Desde las primeras horas de este martes inici\u00f3 el operativo Cumbre Taj\u00edn, con el despliegue de casi mil elementos encargados de garantizar la seguridad de las y los asistentes a los eventos masivos que tendr\u00e1n lugar del 19 al 24 de marzo en el parque tem\u00e1tico Takilhsukut.<\/span><\/p>\n<p><span lang=\"ES\">\u00a0<\/span><\/p>\n<p><span lang=\"ES\">La fuerza es de 971 efectivos del Ej\u00e9rcito Mexicano y Marina-Armada, las secretar\u00edas de Protecci\u00f3n Civil, Salud, Turismo y Seguridad P\u00fablica, as\u00ed como de Fiscal\u00eda General del Estado, Pol\u00edtica Regional, Ayuntamiento de Papantla, Cruz Roja y Bomberos, con 57 patrullas, 9 ambulancias y un helic\u00f3ptero, entre otros veh\u00edculos y binomios caninos y equinos para una atenci\u00f3n oportuna a la poblaci\u00f3n.<\/span><\/p>\n<p><span lang=\"ES\">\u00a0<\/span><\/p>\n<p><span lang=\"ES\">Previamente qued\u00f3 instalado el puesto de mando y desplegado el personal que verific\u00f3 instalaciones de gas en establecimientos comerciales, las gradas, escenarios, se\u00f1alizaciones y rutas de evacuaci\u00f3n. Ante cualquier eventualidad, Protecci\u00f3n Civil pone a disposici\u00f3n de la ciudadan\u00eda los tel\u00e9fonos (800) 260-13-00, 716-34-10 y 716-34-11, adem\u00e1s del correo\u00a0<a href=\"mailto:emergencias.cecom@gmail.com\" target=\"_blank\" rel=\"noopener\">emergencias.cecom@gmail.com<\/a>.<\/span><\/p>\n<p><span lang=\"ES\">\u00a0<\/span><\/p>\n<p><span lang=\"ES\">La edici\u00f3n 25 de Cumbre Taj\u00edn,\u00a0<i>Semilla de la posteridad<\/i>, incluye m\u00e1s de mil 200 actividades y la participaci\u00f3n de 3 mil artistas durante 100 horas de programaci\u00f3n, en cinco foros simult\u00e1neos con artesan\u00eda, gastronom\u00eda, literatura, esparcimiento y folclor; tambi\u00e9n la presencia de los 8 Pueblos M\u00e1gicos y 32 municipios con Vocaci\u00f3n Tur\u00edstica. Consulta la p\u00e1gina\u00a0<a href=\"http:\/\/www.festivalcumbretajin.com.mx\/\" target=\"_blank\" rel=\"noopener\" data-saferedirecturl=\"https:\/\/www.google.com\/url?q=http:\/\/www.festivalcumbretajin.com.mx&amp;source=gmail&amp;ust=1710961846135000&amp;usg=AOvVaw1zAhXtZ8h1MZJilENH5J7H\">www.festivalcumbretajin.com.mx<\/a><wbr \/>.<\/span><\/p>\n","protected":false},"excerpt":{"rendered":"<p>Xalapa, Ver., 19 de marzo de 2024.-\u00a0Desde las primeras horas de este martes inici\u00f3 el operativo Cumbre Taj\u00edn, con el despliegue de casi mil elementos encargados de garantizar la seguridad de las y los asistentes a los eventos masivos que tendr\u00e1n lugar del 19 al 24 de marzo en el parque tem\u00e1tico Takilhsukut. \u00a0 La&#8230;<\/p>\n","protected":false},"author":2,"featured_media":1505,"comment_status":"closed","ping_status":"closed","sticky":false,"template":"","format":"standard","meta":{"_jetpack_memberships_contains_paid_content":false,"footnotes":"","jetpack_publicize_message":"","jetpack_publicize_feature_enabled":true,"jetpack_social_post_already_shared":true,"jetpack_social_options":{"image_generator_settings":{"template":"highway","default_image_id":0,"font":"","enabled":false},"version":2}},"categories":[2],"tags":[],"class_list":["post-1504","post","type-post","status-publish","format-standard","has-post-thumbnail","hentry","category-gobiernoestatal"],"jetpack_publicize_connections":[],"jetpack_featured_media_url":"https:\/\/veracruzanosexcepcionahles.com\/wp-content\/uploads\/2024\/03\/OPERATIVO-CUMBRE-TAJIN-2024-3-scaled.jpeg","jetpack_sharing_enabled":true,"jetpack_likes_enabled":true,"jetpack_shortlink":"https:\/\/wp.me\/pe8dhK-og","_links":{"self":[{"href":"https:\/\/veracruzanosexcepcionahles.com\/index.php\/wp-json\/wp\/v2\/posts\/1504","targetHints":{"allow":["GET"]}}],"collection":[{"href":"https:\/\/veracruzanosexcepcionahles.com\/index.php\/wp-json\/wp\/v2\/posts"}],"about":[{"href":"https:\/\/veracruzanosexcepcionahles.com\/index.php\/wp-json\/wp\/v2\/types\/post"}],"author":[{"embeddable":true,"href":"https:\/\/veracruzanosexcepcionahles.com\/index.php\/wp-json\/wp\/v2\/users\/2"}],"replies":[{"embeddable":true,"href":"https:\/\/veracruzanosexcepcionahles.com\/index.php\/wp-json\/wp\/v2\/comments?post=1504"}],"version-history":[{"count":0,"href":"https:\/\/veracruzanosexcepcionahles.com\/index.php\/wp-json\/wp\/v2\/posts\/1504\/revisions"}],"wp:featuredmedia":[{"embeddable":true,"href":"https:\/\/veracruzanosexcepcionahles.com\/index.php\/wp-json\/wp\/v2\/media\/1505"}],"wp:attachment":[{"href":"https:\/\/veracruzanosexcepcionahles.com\/index.php\/wp-json\/wp\/v2\/media?parent=1504"}],"wp:term":[{"taxonomy":"category","embeddable":true,"href":"https:\/\/veracruzanosexcepcionahles.com\/index.php\/wp-json\/wp\/v2\/categories?post=1504"},{"taxonomy":"post_tag","embeddable":true,"href":"https:\/\/veracruzanosexcepcionahles.com\/index.php\/wp-json\/wp\/v2\/tags?post=1504"}],"curies":[{"name":"wp","href":"https:\/\/api.w.org\/{rel}","templated":true}]}}