{"id":1501,"date":"2024-03-18T22:14:24","date_gmt":"2024-03-19T04:14:24","guid":{"rendered":"https:\/\/veracruzanosexcepcionahles.com\/?p=1501"},"modified":"2024-03-18T22:14:24","modified_gmt":"2024-03-19T04:14:24","slug":"rocio-nahle-acompana-a-claudia-sheinbaum-a-presentacion-de-eje-energetico","status":"publish","type":"post","link":"https:\/\/veracruzanosexcepcionahles.com\/index.php\/2024\/03\/18\/rocio-nahle-acompana-a-claudia-sheinbaum-a-presentacion-de-eje-energetico\/","title":{"rendered":"ROC\u00cdO NAHLE ACOMPA\u00d1A A CLAUDIA SHEINBAUM A PRESENTACI\u00d3N DE EJE ENERG\u00c9TICO"},"content":{"rendered":"<p>^Acude como invitada especial a la Presentaci\u00f3n del Eje de Gobierno: Rep\u00fablica Soberana y con Energ\u00eda Sustentable encabezada por la Dra. Claudia Sheinbaum.<\/p>\n<p>Ciudad de M\u00e9xico, lunes 18 de marzo de 2024.- Como ejemplo de la lucha y defensa por la soberan\u00eda energ\u00e9tica am\u00e9n de un referente de la Cuarta Transformaci\u00f3n en M\u00e9xico, la ex secretaria de Energ\u00eda federal, Roc\u00edo Nahle Garc\u00eda, asisti\u00f3 a la ceremonia conmemorativa del 86 aniversario de la Expropiaci\u00f3n Petrolera en nuestro pa\u00eds acompa\u00f1ando a la Dra. Claudia Sheinbaum Pardo, candidata presidencial de Morena.<\/p>\n<p>Roc\u00edo Nahle, en esta administraci\u00f3n del presidente Andr\u00e9s Manuel L\u00f3pez Obrador, ha escrito su nombre en la historia de nuestro pa\u00eds al haber hecho en tiempo r\u00e9cord la s\u00e9ptima factor\u00eda que integra el Sistema Nacional de Refinaci\u00f3n generando miles de empleos y gran derrama econ\u00f3mica.<\/p>\n<p>Es por este motivo, que acudi\u00f3 este d\u00eda a la<br \/>\nPresentaci\u00f3n del Eje de Gobierno: Rep\u00fablica Soberana y con Energ\u00eda Sustentable encabezada por la Dra. Claudia Sheinbaum Pardo, Candidata a la Presidencia de M\u00e9xico por la Coalici\u00f3n \u201cSigamos Haciendo Historia\u201d, realizada en el Monumento a la Revoluci\u00f3n.<\/p>\n<p>Estuvieron adem\u00e1s el Ing. Cuauht\u00e9moc C\u00e1rdenas Sol\u00f3rzano, hijo del expresidente quien nacionaliz\u00f3 el petr\u00f3leo y el exrector de la UNAM y coordinador de los Di\u00e1logos por la Transformaci\u00f3n, Juan Ram\u00f3n de la Fuente.<\/p>\n","protected":false},"excerpt":{"rendered":"<p>^Acude como invitada especial a la Presentaci\u00f3n del Eje de Gobierno: Rep\u00fablica Soberana y con Energ\u00eda Sustentable encabezada por la Dra. Claudia Sheinbaum. Ciudad de M\u00e9xico, lunes 18 de marzo de 2024.- Como ejemplo de la lucha y defensa por la soberan\u00eda energ\u00e9tica am\u00e9n de un referente de la Cuarta Transformaci\u00f3n en M\u00e9xico, la ex&#8230;<\/p>\n","protected":false},"author":2,"featured_media":1502,"comment_status":"closed","ping_status":"closed","sticky":false,"template":"","format":"standard","meta":{"_jetpack_memberships_contains_paid_content":false,"footnotes":"","jetpack_publicize_message":"","jetpack_publicize_feature_enabled":true,"jetpack_social_post_already_shared":true,"jetpack_social_options":{"image_generator_settings":{"template":"highway","default_image_id":0,"font":"","enabled":false},"version":2}},"categories":[23],"tags":[],"class_list":["post-1501","post","type-post","status-publish","format-standard","has-post-thumbnail","hentry","category-actividadesnahle"],"jetpack_publicize_connections":[],"jetpack_featured_media_url":"https:\/\/veracruzanosexcepcionahles.com\/wp-content\/uploads\/2024\/03\/3c104380-46cb-4fe4-b5f6-d934fa778778-scaled.jpg","jetpack_sharing_enabled":true,"jetpack_likes_enabled":true,"jetpack_shortlink":"https:\/\/wp.me\/pe8dhK-od","_links":{"self":[{"href":"https:\/\/veracruzanosexcepcionahles.com\/index.php\/wp-json\/wp\/v2\/posts\/1501","targetHints":{"allow":["GET"]}}],"collection":[{"href":"https:\/\/veracruzanosexcepcionahles.com\/index.php\/wp-json\/wp\/v2\/posts"}],"about":[{"href":"https:\/\/veracruzanosexcepcionahles.com\/index.php\/wp-json\/wp\/v2\/types\/post"}],"author":[{"embeddable":true,"href":"https:\/\/veracruzanosexcepcionahles.com\/index.php\/wp-json\/wp\/v2\/users\/2"}],"replies":[{"embeddable":true,"href":"https:\/\/veracruzanosexcepcionahles.com\/index.php\/wp-json\/wp\/v2\/comments?post=1501"}],"version-history":[{"count":0,"href":"https:\/\/veracruzanosexcepcionahles.com\/index.php\/wp-json\/wp\/v2\/posts\/1501\/revisions"}],"wp:featuredmedia":[{"embeddable":true,"href":"https:\/\/veracruzanosexcepcionahles.com\/index.php\/wp-json\/wp\/v2\/media\/1502"}],"wp:attachment":[{"href":"https:\/\/veracruzanosexcepcionahles.com\/index.php\/wp-json\/wp\/v2\/media?parent=1501"}],"wp:term":[{"taxonomy":"category","embeddable":true,"href":"https:\/\/veracruzanosexcepcionahles.com\/index.php\/wp-json\/wp\/v2\/categories?post=1501"},{"taxonomy":"post_tag","embeddable":true,"href":"https:\/\/veracruzanosexcepcionahles.com\/index.php\/wp-json\/wp\/v2\/tags?post=1501"}],"curies":[{"name":"wp","href":"https:\/\/api.w.org\/{rel}","templated":true}]}}