{"id":1326,"date":"2024-03-03T23:29:38","date_gmt":"2024-03-04T05:29:38","guid":{"rendered":"https:\/\/veracruzanosexcepcionahles.com\/?p=1326"},"modified":"2024-03-03T23:29:38","modified_gmt":"2024-03-04T05:29:38","slug":"acompanado-de-unidos-todos-velazquez-vallejo-inicia-su-campana-rumbo-a-la-diputacion","status":"publish","type":"post","link":"https:\/\/veracruzanosexcepcionahles.com\/index.php\/2024\/03\/03\/acompanado-de-unidos-todos-velazquez-vallejo-inicia-su-campana-rumbo-a-la-diputacion\/","title":{"rendered":"Acompa\u00f1ado de Unidos Todos, Velazquez Vallejo, inicia su campa\u00f1a rumbo a la Diputaci\u00f3n."},"content":{"rendered":"<p>&#8211; Estuvo acompa\u00f1ado por el candidato a Diputado Plurinominal Federal, Eleazar Guerrero P\u00e9rez.<br \/>\n&#8211; M\u00e1s de dos mil personas se congregaron para el arranque de campa\u00f1a.<\/p>\n<p>Tuxpan de Rodr\u00edguez Cano, Ver., a 03 de marzo de 2024.- Como parte del proceso electoral de este a\u00f1o, donde se disputan la presidencia de la rep\u00fablica, la gubernatura del Estado y 50 diputaciones locales del Congreso del Estado, esta ma\u00f1ana se llev\u00f3 a cabo el arranque de campa\u00f1a del ex alcalde de Poza Rica, Francisco Javier Vel\u00e1zquez Vallejo, ahora como candidato a la Diputaci\u00f3n Federal por el V Distrito, en Poza Rica.<\/p>\n<p>Acompa\u00f1ado del Mtro. Eleazar Guerrero P\u00e9rez, se llev\u00f3 a cabo una marcha en la ciudad de Tuxpan, al norte del estado, donde se busca representar a los municipios de Poza Rica, Tihuatl\u00e1n, Tuxpan y Tamiahua, y que adem\u00e1s cont\u00f3 con un gran contingente integrado por hombres y mujeres de la zona, que forman parte de la Asociaci\u00f3n Unidos Todos.<\/p>\n<p>Durante el evento, participaron m\u00e1s de dos mil personas, que mostraron su apoyo al candidato de la Coalici\u00f3n \u201cJuntos haremos historia\u201d, quien se mostr\u00f3 agradecido con su partido por la oportunidad de representar nuevamente a Morena ante la pr\u00f3xima contienda electoral, reiterando el compromiso de mejorar de las y los ciudadanos de los municipios que encabeza.<\/p>\n<p>Vel\u00e1zquez Vallejo, arranc\u00f3 su campa\u00f1a el pasado 02 de marzo en la ciudad de Poza Rica, quien fue arropado por los militantes de Morena, reiterando su compromiso con la ideolog\u00eda y los principios de la Cuarta Transformaci\u00f3n.<\/p>\n","protected":false},"excerpt":{"rendered":"<p>&#8211; Estuvo acompa\u00f1ado por el candidato a Diputado Plurinominal Federal, Eleazar Guerrero P\u00e9rez. &#8211; M\u00e1s de dos mil personas se congregaron para el arranque de campa\u00f1a. Tuxpan de Rodr\u00edguez Cano, Ver., a 03 de marzo de 2024.- Como parte del proceso electoral de este a\u00f1o, donde se disputan la presidencia de la rep\u00fablica, la gubernatura&#8230;<\/p>\n","protected":false},"author":2,"featured_media":1327,"comment_status":"closed","ping_status":"closed","sticky":false,"template":"","format":"standard","meta":{"_jetpack_memberships_contains_paid_content":false,"footnotes":"","jetpack_publicize_message":"","jetpack_publicize_feature_enabled":true,"jetpack_social_post_already_shared":true,"jetpack_social_options":{"image_generator_settings":{"template":"highway","default_image_id":0,"font":"","enabled":false},"version":2}},"categories":[3],"tags":[],"class_list":["post-1326","post","type-post","status-publish","format-standard","has-post-thumbnail","hentry","category-politica"],"jetpack_publicize_connections":[],"jetpack_featured_media_url":"https:\/\/veracruzanosexcepcionahles.com\/wp-content\/uploads\/2024\/03\/8ad3be00-0ac8-4862-8dd0-ccc81bd1c1c9-scaled.jpg","jetpack_sharing_enabled":true,"jetpack_likes_enabled":true,"jetpack_shortlink":"https:\/\/wp.me\/pe8dhK-lo","_links":{"self":[{"href":"https:\/\/veracruzanosexcepcionahles.com\/index.php\/wp-json\/wp\/v2\/posts\/1326","targetHints":{"allow":["GET"]}}],"collection":[{"href":"https:\/\/veracruzanosexcepcionahles.com\/index.php\/wp-json\/wp\/v2\/posts"}],"about":[{"href":"https:\/\/veracruzanosexcepcionahles.com\/index.php\/wp-json\/wp\/v2\/types\/post"}],"author":[{"embeddable":true,"href":"https:\/\/veracruzanosexcepcionahles.com\/index.php\/wp-json\/wp\/v2\/users\/2"}],"replies":[{"embeddable":true,"href":"https:\/\/veracruzanosexcepcionahles.com\/index.php\/wp-json\/wp\/v2\/comments?post=1326"}],"version-history":[{"count":0,"href":"https:\/\/veracruzanosexcepcionahles.com\/index.php\/wp-json\/wp\/v2\/posts\/1326\/revisions"}],"wp:featuredmedia":[{"embeddable":true,"href":"https:\/\/veracruzanosexcepcionahles.com\/index.php\/wp-json\/wp\/v2\/media\/1327"}],"wp:attachment":[{"href":"https:\/\/veracruzanosexcepcionahles.com\/index.php\/wp-json\/wp\/v2\/media?parent=1326"}],"wp:term":[{"taxonomy":"category","embeddable":true,"href":"https:\/\/veracruzanosexcepcionahles.com\/index.php\/wp-json\/wp\/v2\/categories?post=1326"},{"taxonomy":"post_tag","embeddable":true,"href":"https:\/\/veracruzanosexcepcionahles.com\/index.php\/wp-json\/wp\/v2\/tags?post=1326"}],"curies":[{"name":"wp","href":"https:\/\/api.w.org\/{rel}","templated":true}]}}