{"id":1244,"date":"2024-02-29T10:44:43","date_gmt":"2024-02-29T16:44:43","guid":{"rendered":"https:\/\/veracruzanosexcepcionahles.com\/?p=1244"},"modified":"2024-02-29T10:45:16","modified_gmt":"2024-02-29T16:45:16","slug":"zenyazen-listo-para-seguir-impulsando-la-4t-en-su-arranque-de-campana","status":"publish","type":"post","link":"https:\/\/veracruzanosexcepcionahles.com\/index.php\/2024\/02\/29\/zenyazen-listo-para-seguir-impulsando-la-4t-en-su-arranque-de-campana\/","title":{"rendered":"Zenyazen, listo para seguir impulsando la 4T en su arranque de campa\u00f1a"},"content":{"rendered":"<p>\u2022 Ser\u00e1 este s\u00e1bado cuando recorra la ciudad de C\u00f3rdoba.<\/p>\n<p>C\u00f3rdoba, Ver., a 29 de febrero de 2024.- En un emocionante llamado a la continuaci\u00f3n de la 4T, el candidato a diputado federal por el Distrito 16, Zenyazen Escobar Garc\u00eda, ha convocado a la ciudadan\u00eda a unirse en la construcci\u00f3n de un futuro mejor este pr\u00f3ximo s\u00e1bado.<\/p>\n<p>En un mensaje a trav\u00e9s de las redes sociales, destac\u00f3 que es momento de dar continuidad a un proyecto transformador que busca mejorar la vida de todos los veracruzanos, es el motor que impulsa su campa\u00f1a.<\/p>\n<p>La convocatoria se\u00f1ala que el punto de reuni\u00f3n ser\u00e1 en la avenida 1, entre las calles 21 y 23 de este municipio en punto de las 16:00 horas, partiendo hacia el parque 21 de Mayo.<\/p>\n<p>El candidato se ha caracterizado por ser un l\u00edder dispuesto a escuchar, a involucrarse y a luchar por su gente. Por ello ha reiterado el llamado a contar con el apoyo de las y los veracruzanos en este camino de continuidad a la transformaci\u00f3n.<\/p>\n","protected":false},"excerpt":{"rendered":"<p>\u2022 Ser\u00e1 este s\u00e1bado cuando recorra la ciudad de C\u00f3rdoba. C\u00f3rdoba, Ver., a 29 de febrero de 2024.- En un emocionante llamado a la continuaci\u00f3n de la 4T, el candidato a diputado federal por el Distrito 16, Zenyazen Escobar Garc\u00eda, ha convocado a la ciudadan\u00eda a unirse en la construcci\u00f3n de un futuro mejor este&#8230;<\/p>\n","protected":false},"author":2,"featured_media":1246,"comment_status":"closed","ping_status":"closed","sticky":false,"template":"","format":"standard","meta":{"_jetpack_memberships_contains_paid_content":false,"footnotes":"","jetpack_publicize_message":"","jetpack_publicize_feature_enabled":true,"jetpack_social_post_already_shared":true,"jetpack_social_options":{"image_generator_settings":{"template":"highway","default_image_id":0,"font":"","enabled":false},"version":2}},"categories":[3],"tags":[],"class_list":["post-1244","post","type-post","status-publish","format-standard","has-post-thumbnail","hentry","category-politica"],"jetpack_publicize_connections":[],"jetpack_featured_media_url":"https:\/\/veracruzanosexcepcionahles.com\/wp-content\/uploads\/2024\/02\/WhatsApp-Image-2024-02-29-at-10.35.54-AM.jpeg","jetpack_sharing_enabled":true,"jetpack_likes_enabled":true,"jetpack_shortlink":"https:\/\/wp.me\/pe8dhK-k4","_links":{"self":[{"href":"https:\/\/veracruzanosexcepcionahles.com\/index.php\/wp-json\/wp\/v2\/posts\/1244","targetHints":{"allow":["GET"]}}],"collection":[{"href":"https:\/\/veracruzanosexcepcionahles.com\/index.php\/wp-json\/wp\/v2\/posts"}],"about":[{"href":"https:\/\/veracruzanosexcepcionahles.com\/index.php\/wp-json\/wp\/v2\/types\/post"}],"author":[{"embeddable":true,"href":"https:\/\/veracruzanosexcepcionahles.com\/index.php\/wp-json\/wp\/v2\/users\/2"}],"replies":[{"embeddable":true,"href":"https:\/\/veracruzanosexcepcionahles.com\/index.php\/wp-json\/wp\/v2\/comments?post=1244"}],"version-history":[{"count":0,"href":"https:\/\/veracruzanosexcepcionahles.com\/index.php\/wp-json\/wp\/v2\/posts\/1244\/revisions"}],"wp:featuredmedia":[{"embeddable":true,"href":"https:\/\/veracruzanosexcepcionahles.com\/index.php\/wp-json\/wp\/v2\/media\/1246"}],"wp:attachment":[{"href":"https:\/\/veracruzanosexcepcionahles.com\/index.php\/wp-json\/wp\/v2\/media?parent=1244"}],"wp:term":[{"taxonomy":"category","embeddable":true,"href":"https:\/\/veracruzanosexcepcionahles.com\/index.php\/wp-json\/wp\/v2\/categories?post=1244"},{"taxonomy":"post_tag","embeddable":true,"href":"https:\/\/veracruzanosexcepcionahles.com\/index.php\/wp-json\/wp\/v2\/tags?post=1244"}],"curies":[{"name":"wp","href":"https:\/\/api.w.org\/{rel}","templated":true}]}}