{"id":1235,"date":"2024-02-28T12:29:23","date_gmt":"2024-02-28T18:29:23","guid":{"rendered":"https:\/\/veracruzanosexcepcionahles.com\/?p=1235"},"modified":"2024-03-04T11:09:22","modified_gmt":"2024-03-04T17:09:22","slug":"se-reune-dirigencia-estatal-de-que-siga-la-democracia-veracruz-con-gabriela-jimenez-godoy-y-edgar-garza-en-la-cdmx","status":"publish","type":"post","link":"https:\/\/veracruzanosexcepcionahles.com\/index.php\/2024\/02\/28\/se-reune-dirigencia-estatal-de-que-siga-la-democracia-veracruz-con-gabriela-jimenez-godoy-y-edgar-garza-en-la-cdmx\/","title":{"rendered":"Se re\u00fane dirigencia estatal de \u201cQue Siga la Democracia\u201d Veracruz con Gabriela Jim\u00e9nez Godoy y Edgar Garza en la CDMX."},"content":{"rendered":"<p>*Refrendan compromiso de trabajo para Claudia Sheinbaum y Roc\u00edo Nahle<\/p>\n<p>En el estado de Veracruz, la Agrupaci\u00f3n Pol\u00edtica Nacional \u201cQue Siga la Democracia\u201d contin\u00faa trabajando fuerte para el pr\u00f3ximo proceso electoral del 2 de junio, esta organizaci\u00f3n que aglutina a Asociaciones Civiles, Organizaciones pol\u00edticas, Fundaciones de apoyo social, as\u00ed tambi\u00e9n a ciudadanos que se encuentran sin filiaci\u00f3n partidista pero que les gusta participar para ejercer una democracia, que sea de beneficio para los veracruzanos.<\/p>\n<p><img loading=\"lazy\" decoding=\"async\" class=\"aligncenter wp-image-1236 size-full\" src=\"https:\/\/veracruzanosexcepcionahles.com\/wp-content\/uploads\/2024\/02\/WhatsApp-Image-2024-02-25-at-5.35.24-PM.jpeg\" alt=\"\" width=\"857\" height=\"607\" srcset=\"https:\/\/veracruzanosexcepcionahles.com\/wp-content\/uploads\/2024\/02\/WhatsApp-Image-2024-02-25-at-5.35.24-PM.jpeg 857w, https:\/\/veracruzanosexcepcionahles.com\/wp-content\/uploads\/2024\/02\/WhatsApp-Image-2024-02-25-at-5.35.24-PM-300x212.jpeg 300w, https:\/\/veracruzanosexcepcionahles.com\/wp-content\/uploads\/2024\/02\/WhatsApp-Image-2024-02-25-at-5.35.24-PM-768x544.jpeg 768w\" sizes=\"auto, (max-width: 857px) 100vw, 857px\" \/><\/p>\n<p>Su dirigencia estatal que encabeza Fernando Quiroz Yunes y la Delegada Estatal Mirel Aremi Herrera, sostuvieron una reuni\u00f3n en la Alcald\u00eda de Azcapotzalco con la L\u00edder Fundadora Gabriela Jim\u00e9nez Godoy y el Presidente nacional Edgar Garza, con quienes refrendaron el compromiso de sumar m\u00e1s personas a esta agrupaci\u00f3n, para fortalecer las estrategias de promover el voto a favor de Claudia Sheinbaum y de Roc\u00edo Nahle.<\/p>\n<p><img loading=\"lazy\" decoding=\"async\" class=\"alignleft wp-image-1237 size-full\" src=\"https:\/\/veracruzanosexcepcionahles.com\/wp-content\/uploads\/2024\/02\/WhatsApp-Image-2024-02-25-at-10.53.14-AM.jpeg\" alt=\"\" width=\"1600\" height=\"1200\" srcset=\"https:\/\/veracruzanosexcepcionahles.com\/wp-content\/uploads\/2024\/02\/WhatsApp-Image-2024-02-25-at-10.53.14-AM.jpeg 1600w, https:\/\/veracruzanosexcepcionahles.com\/wp-content\/uploads\/2024\/02\/WhatsApp-Image-2024-02-25-at-10.53.14-AM-300x225.jpeg 300w, https:\/\/veracruzanosexcepcionahles.com\/wp-content\/uploads\/2024\/02\/WhatsApp-Image-2024-02-25-at-10.53.14-AM-1024x768.jpeg 1024w, https:\/\/veracruzanosexcepcionahles.com\/wp-content\/uploads\/2024\/02\/WhatsApp-Image-2024-02-25-at-10.53.14-AM-768x576.jpeg 768w, https:\/\/veracruzanosexcepcionahles.com\/wp-content\/uploads\/2024\/02\/WhatsApp-Image-2024-02-25-at-10.53.14-AM-1536x1152.jpeg 1536w\" sizes=\"auto, (max-width: 1600px) 100vw, 1600px\" \/>Tambi\u00e9n en evento aparte participaron en el 1er. Encuentro Nacional con Organizaciones Sociales Civiles por la Cuarta Transformaci\u00f3n, evento encabezado por el Vocero de la Campa\u00f1a de Claudia Sheinbaum Gerardo Fern\u00e1ndez Noro\u00f1a, en donde Edgar Garza dijo:<br \/>\n\u201cEstamos muy felices por estar en el Primer Encuentro Nacional de Organizaciones, agrupaciones y Movimientos, que estamos a favor de esta construcci\u00f3n del Segundo Piso de la Cuarta Transformaci\u00f3n, para apoyar a la Dra. Claudia Sheinbaum a que sea la primer mujer Presidenta de nuestro pa\u00eds, adem\u00e1s que puedan continuar todos esos grandes beneficios que ha construido nuestro Presidente Andr\u00e9s Manuel L\u00f3pez Obrador, estamos organizando a la sociedad civil, somos el brazo ciudadano de la Cuarta Transformaci\u00f3n, hoy es momento de activarnos, de comunicar y de informar, vamos a seguir trabajando d\u00eda a d\u00eda, todos los d\u00edas de aqu\u00ed hasta el d\u00eda de la elecci\u00f3n, invitando a todo el pueblo de M\u00e9xico a participar, porque recuerden, para que siga la transformaci\u00f3n, que siga la democracia\u201d.<\/p>\n<p>&nbsp;<\/p>\n<p><img loading=\"lazy\" decoding=\"async\" class=\"alignright wp-image-1239 size-full\" src=\"https:\/\/veracruzanosexcepcionahles.com\/wp-content\/uploads\/2024\/02\/408983996_958182805675573_6312322531992014153_n.jpg\" alt=\"\" width=\"2048\" height=\"1536\" srcset=\"https:\/\/veracruzanosexcepcionahles.com\/wp-content\/uploads\/2024\/02\/408983996_958182805675573_6312322531992014153_n.jpg 2048w, https:\/\/veracruzanosexcepcionahles.com\/wp-content\/uploads\/2024\/02\/408983996_958182805675573_6312322531992014153_n-300x225.jpg 300w, https:\/\/veracruzanosexcepcionahles.com\/wp-content\/uploads\/2024\/02\/408983996_958182805675573_6312322531992014153_n-1024x768.jpg 1024w, https:\/\/veracruzanosexcepcionahles.com\/wp-content\/uploads\/2024\/02\/408983996_958182805675573_6312322531992014153_n-768x576.jpg 768w, https:\/\/veracruzanosexcepcionahles.com\/wp-content\/uploads\/2024\/02\/408983996_958182805675573_6312322531992014153_n-1536x1152.jpg 1536w\" sizes=\"auto, (max-width: 2048px) 100vw, 2048px\" \/>En este grupo que representa un brazo del partido de Morena en el pa\u00eds, se prepara un sinf\u00edn de actividades, como son foros deportivos. legislativos, gubernamentales, brigadas de salud visual, en donde los interesados tengan participaci\u00f3n con una gran apertura de ideas, para que \u201cQue Siga la Democracia\u201d siga creciendo en la aceptaci\u00f3n de la gente.<\/p>\n<p>Se toman en cuenta todas las expresiones y sin duda que, en la entidad ser\u00e1n excelentes aliados de la Candidata a la Gubernatura y de los Candidatos a diferentes cargos de elecci\u00f3n popular de la Coalici\u00f3n \u201cSigamos haciendo historia\u201d de Morena-Partido Verde-Partido del Trabajo y Fuerza X M\u00e9xico, demostrando que desde las mismas bases ciudadanas, est\u00e1 la fuerza que habr\u00e1n de llevar al triunfo a los abanderados de esos partidos pol\u00edticos.<\/p>\n<p>&nbsp;<\/p>\n","protected":false},"excerpt":{"rendered":"<p>*Refrendan compromiso de trabajo para Claudia Sheinbaum y Roc\u00edo Nahle En el estado de Veracruz, la Agrupaci\u00f3n Pol\u00edtica Nacional \u201cQue Siga la Democracia\u201d contin\u00faa trabajando fuerte para el pr\u00f3ximo proceso electoral del 2 de junio, esta organizaci\u00f3n que aglutina a Asociaciones Civiles, Organizaciones pol\u00edticas, Fundaciones de apoyo social, as\u00ed tambi\u00e9n a ciudadanos que se encuentran&#8230;<\/p>\n","protected":false},"author":2,"featured_media":1238,"comment_status":"closed","ping_status":"closed","sticky":false,"template":"","format":"standard","meta":{"_jetpack_memberships_contains_paid_content":false,"footnotes":"","jetpack_publicize_message":"","jetpack_publicize_feature_enabled":true,"jetpack_social_post_already_shared":true,"jetpack_social_options":{"image_generator_settings":{"template":"highway","default_image_id":0,"font":"","enabled":false},"version":2}},"categories":[3],"tags":[],"class_list":["post-1235","post","type-post","status-publish","format-standard","has-post-thumbnail","hentry","category-politica"],"jetpack_publicize_connections":[],"jetpack_featured_media_url":"https:\/\/veracruzanosexcepcionahles.com\/wp-content\/uploads\/2024\/02\/430271714_2680130618806219_1435858039231892805_n.jpg","jetpack_sharing_enabled":true,"jetpack_likes_enabled":true,"jetpack_shortlink":"https:\/\/wp.me\/pe8dhK-jV","_links":{"self":[{"href":"https:\/\/veracruzanosexcepcionahles.com\/index.php\/wp-json\/wp\/v2\/posts\/1235","targetHints":{"allow":["GET"]}}],"collection":[{"href":"https:\/\/veracruzanosexcepcionahles.com\/index.php\/wp-json\/wp\/v2\/posts"}],"about":[{"href":"https:\/\/veracruzanosexcepcionahles.com\/index.php\/wp-json\/wp\/v2\/types\/post"}],"author":[{"embeddable":true,"href":"https:\/\/veracruzanosexcepcionahles.com\/index.php\/wp-json\/wp\/v2\/users\/2"}],"replies":[{"embeddable":true,"href":"https:\/\/veracruzanosexcepcionahles.com\/index.php\/wp-json\/wp\/v2\/comments?post=1235"}],"version-history":[{"count":0,"href":"https:\/\/veracruzanosexcepcionahles.com\/index.php\/wp-json\/wp\/v2\/posts\/1235\/revisions"}],"wp:featuredmedia":[{"embeddable":true,"href":"https:\/\/veracruzanosexcepcionahles.com\/index.php\/wp-json\/wp\/v2\/media\/1238"}],"wp:attachment":[{"href":"https:\/\/veracruzanosexcepcionahles.com\/index.php\/wp-json\/wp\/v2\/media?parent=1235"}],"wp:term":[{"taxonomy":"category","embeddable":true,"href":"https:\/\/veracruzanosexcepcionahles.com\/index.php\/wp-json\/wp\/v2\/categories?post=1235"},{"taxonomy":"post_tag","embeddable":true,"href":"https:\/\/veracruzanosexcepcionahles.com\/index.php\/wp-json\/wp\/v2\/tags?post=1235"}],"curies":[{"name":"wp","href":"https:\/\/api.w.org\/{rel}","templated":true}]}}