{"id":10439,"date":"2026-09-02T16:54:47","date_gmt":"2026-09-02T22:54:47","guid":{"rendered":"https:\/\/veracruzanosexcepcionahles.com\/?p=10439"},"modified":"2026-09-02T16:55:21","modified_gmt":"2026-09-02T22:55:21","slug":"la-transformacion-de-mexico-fortalece-la-soberania-la-igualdad-y-la-justicia-social-sefiplan","status":"publish","type":"post","link":"https:\/\/veracruzanosexcepcionahles.com\/index.php\/2026\/09\/02\/la-transformacion-de-mexico-fortalece-la-soberania-la-igualdad-y-la-justicia-social-sefiplan\/","title":{"rendered":"La transformaci\u00f3n de M\u00e9xico fortalece la soberan\u00eda, la igualdad y la justicia social: SEFIPLAN"},"content":{"rendered":"\n<figure class=\"wp-block-gallery has-nested-images columns-default is-cropped wp-block-gallery-1 is-layout-flex wp-block-gallery-is-layout-flex\">\n<figure class=\"wp-block-image size-large\"><img loading=\"lazy\" decoding=\"async\" width=\"1024\" height=\"682\" data-id=\"10441\" src=\"https:\/\/veracruzanosexcepcionahles.com\/wp-content\/uploads\/2026\/09\/WhatsApp-Image-2026-09-02-at-1.33.52-PM-1024x682.jpeg\" alt=\"\" class=\"wp-image-10441\" srcset=\"https:\/\/veracruzanosexcepcionahles.com\/wp-content\/uploads\/2026\/09\/WhatsApp-Image-2026-09-02-at-1.33.52-PM-1024x682.jpeg 1024w, https:\/\/veracruzanosexcepcionahles.com\/wp-content\/uploads\/2026\/09\/WhatsApp-Image-2026-09-02-at-1.33.52-PM-300x200.jpeg 300w, https:\/\/veracruzanosexcepcionahles.com\/wp-content\/uploads\/2026\/09\/WhatsApp-Image-2026-09-02-at-1.33.52-PM-768x512.jpeg 768w, https:\/\/veracruzanosexcepcionahles.com\/wp-content\/uploads\/2026\/09\/WhatsApp-Image-2026-09-02-at-1.33.52-PM-600x400.jpeg 600w, https:\/\/veracruzanosexcepcionahles.com\/wp-content\/uploads\/2026\/09\/WhatsApp-Image-2026-09-02-at-1.33.52-PM.jpeg 1280w\" sizes=\"auto, (max-width: 1024px) 100vw, 1024px\" \/><\/figure>\n\n\n\n<figure class=\"wp-block-image size-large\"><img loading=\"lazy\" decoding=\"async\" width=\"1024\" height=\"672\" data-id=\"10440\" src=\"https:\/\/veracruzanosexcepcionahles.com\/wp-content\/uploads\/2026\/09\/WhatsApp-Image-2026-09-02-at-1.49.44-PM-1024x672.jpeg\" alt=\"\" class=\"wp-image-10440\" srcset=\"https:\/\/veracruzanosexcepcionahles.com\/wp-content\/uploads\/2026\/09\/WhatsApp-Image-2026-09-02-at-1.49.44-PM-1024x672.jpeg 1024w, https:\/\/veracruzanosexcepcionahles.com\/wp-content\/uploads\/2026\/09\/WhatsApp-Image-2026-09-02-at-1.49.44-PM-300x197.jpeg 300w, https:\/\/veracruzanosexcepcionahles.com\/wp-content\/uploads\/2026\/09\/WhatsApp-Image-2026-09-02-at-1.49.44-PM-768x504.jpeg 768w, https:\/\/veracruzanosexcepcionahles.com\/wp-content\/uploads\/2026\/09\/WhatsApp-Image-2026-09-02-at-1.49.44-PM-1536x1008.jpeg 1536w, https:\/\/veracruzanosexcepcionahles.com\/wp-content\/uploads\/2026\/09\/WhatsApp-Image-2026-09-02-at-1.49.44-PM.jpeg 1600w\" sizes=\"auto, (max-width: 1024px) 100vw, 1024px\" \/><\/figure>\n<\/figure>\n\n\n\n<p class=\"wp-block-paragraph\"><strong>Xalapa, Ver., mi\u00e9rcoles 2 de septiembre de 2026<\/strong>.- La Independencia de M\u00e9xico mantiene plena vigencia en el presente, sus principios se expresan hoy en la construcci\u00f3n de un pa\u00eds soberano, con mayor igualdad, derechos y justicia social, afirm\u00f3 el secretario de Finanzas y Planeaci\u00f3n, Miguel Santiago Reyes Hern\u00e1ndez.<\/p>\n\n\n\n<p class=\"wp-block-paragraph\">Durante la conmemoraci\u00f3n del 216 Aniversario del inicio de la Independencia de M\u00e9xico, realizada en el parque Miguel Hidalgo, el funcionario se\u00f1al\u00f3 que conocer la historia permite comprender las desigualdades y formas de exclusi\u00f3n que marcaron el pasado y que hoy deben ser superadas.<\/p>\n\n\n\n<p class=\"wp-block-paragraph\">Destac\u00f3 que la transformaci\u00f3n que vive el pa\u00eds tiene entre sus objetivos garantizar derechos, reducir las desigualdades y combatir el racismo, la discriminaci\u00f3n y la xenofobia, reconociendo la diversidad de una naci\u00f3n integrada por pueblos ind\u00edgenas, comunidades afrodescendientes, mestizos y personas de distintos or\u00edgenes.<\/p>\n\n\n\n<p class=\"wp-block-paragraph\">Asimismo, subray\u00f3 que defender la Independencia en el siglo XXI significa preservar la capacidad de M\u00e9xico para tomar sus propias decisiones, proteger sus recursos naturales y estrat\u00e9gicos y mantener la integridad de su territorio.<\/p>\n\n\n\n<p class=\"wp-block-paragraph\">\u201cLa soberan\u00eda entendida como la capacidad que tiene la naci\u00f3n para gobernarse a s\u00ed misma y tomar decisiones de forma independiente, y la igualdad entre los individuos, son los dos m\u00e1s grandes baluartes de nuestra independencia\u201d, afirm\u00f3.<\/p>\n\n\n\n<p class=\"wp-block-paragraph\">Resalt\u00f3 tambi\u00e9n el papel hist\u00f3rico de Veracruz en la construcci\u00f3n nacional y record\u00f3 que la lucha por la Independencia se prolong\u00f3 en la entidad hasta 1825, con la rendici\u00f3n del \u00faltimo reducto espa\u00f1ol en San Juan de Ul\u00faa.<\/p>\n\n\n\n<p class=\"wp-block-paragraph\">Finalmente, llam\u00f3 a mantener viva la memoria hist\u00f3rica y a asumir que la mejor manera de honrar la Independencia es construir un M\u00e9xico m\u00e1s justo, igualitario, soberano y libre de toda forma de discriminaci\u00f3n.<\/p>\n","protected":false},"excerpt":{"rendered":"<p>Xalapa, Ver., mi\u00e9rcoles 2 de septiembre de 2026.- La Independencia de M\u00e9xico mantiene plena vigencia en el presente, sus principios se expresan hoy en la construcci\u00f3n de un pa\u00eds soberano, con mayor igualdad, derechos y justicia social, afirm\u00f3 el secretario de Finanzas y Planeaci\u00f3n, Miguel Santiago Reyes Hern\u00e1ndez. Durante la conmemoraci\u00f3n del 216 Aniversario del&#8230;<\/p>\n","protected":false},"author":2,"featured_media":10442,"comment_status":"closed","ping_status":"closed","sticky":false,"template":"","format":"standard","meta":{"_jetpack_newsletter_access":"","_jetpack_dont_email_post_to_subs":false,"_jetpack_newsletter_tier_id":0,"_jetpack_memberships_contains_paywalled_content":false,"_jetpack_feature_clip_id":0,"_jetpack_memberships_contains_paid_content":false,"footnotes":"","jetpack_publicize_message":"","jetpack_publicize_feature_enabled":true,"jetpack_social_post_already_shared":true,"jetpack_social_options":{"image_generator_settings":{"template":"highway","default_image_id":0,"font":"","enabled":false},"version":2},"jetpack_post_was_ever_published":false},"categories":[2],"tags":[],"class_list":["post-10439","post","type-post","status-publish","format-standard","has-post-thumbnail","hentry","category-gobiernoestatal"],"jetpack_publicize_connections":[],"jetpack_featured_media_url":"https:\/\/veracruzanosexcepcionahles.com\/wp-content\/uploads\/2026\/09\/WhatsApp-Image-2026-09-02-at-1.33.00-PM.jpeg","jetpack_sharing_enabled":true,"jetpack_likes_enabled":true,"jetpack_shortlink":"https:\/\/wp.me\/pe8dhK-2In","_links":{"self":[{"href":"https:\/\/veracruzanosexcepcionahles.com\/index.php\/wp-json\/wp\/v2\/posts\/10439","targetHints":{"allow":["GET"]}}],"collection":[{"href":"https:\/\/veracruzanosexcepcionahles.com\/index.php\/wp-json\/wp\/v2\/posts"}],"about":[{"href":"https:\/\/veracruzanosexcepcionahles.com\/index.php\/wp-json\/wp\/v2\/types\/post"}],"author":[{"embeddable":true,"href":"https:\/\/veracruzanosexcepcionahles.com\/index.php\/wp-json\/wp\/v2\/users\/2"}],"replies":[{"embeddable":true,"href":"https:\/\/veracruzanosexcepcionahles.com\/index.php\/wp-json\/wp\/v2\/comments?post=10439"}],"version-history":[{"count":1,"href":"https:\/\/veracruzanosexcepcionahles.com\/index.php\/wp-json\/wp\/v2\/posts\/10439\/revisions"}],"predecessor-version":[{"id":10443,"href":"https:\/\/veracruzanosexcepcionahles.com\/index.php\/wp-json\/wp\/v2\/posts\/10439\/revisions\/10443"}],"wp:featuredmedia":[{"embeddable":true,"href":"https:\/\/veracruzanosexcepcionahles.com\/index.php\/wp-json\/wp\/v2\/media\/10442"}],"wp:attachment":[{"href":"https:\/\/veracruzanosexcepcionahles.com\/index.php\/wp-json\/wp\/v2\/media?parent=10439"}],"wp:term":[{"taxonomy":"category","embeddable":true,"href":"https:\/\/veracruzanosexcepcionahles.com\/index.php\/wp-json\/wp\/v2\/categories?post=10439"},{"taxonomy":"post_tag","embeddable":true,"href":"https:\/\/veracruzanosexcepcionahles.com\/index.php\/wp-json\/wp\/v2\/tags?post=10439"}],"curies":[{"name":"wp","href":"https:\/\/api.w.org\/{rel}","templated":true}]}}