{"id":10436,"date":"2026-09-02T16:30:39","date_gmt":"2026-09-02T22:30:39","guid":{"rendered":"https:\/\/veracruzanosexcepcionahles.com\/?p=10436"},"modified":"2026-09-02T16:30:41","modified_gmt":"2026-09-02T22:30:41","slug":"veracruz-pieza-estrategica-de-la-transformacion-nacional-rocio-nahle","status":"publish","type":"post","link":"https:\/\/veracruzanosexcepcionahles.com\/index.php\/2026\/09\/02\/veracruz-pieza-estrategica-de-la-transformacion-nacional-rocio-nahle\/","title":{"rendered":"Veracruz, pieza estrat\u00e9gica de la transformaci\u00f3n nacional: Roc\u00edo Nahle"},"content":{"rendered":"\n<p class=\"wp-block-paragraph\"><strong>Xalapa, Ver., mi\u00e9rcoles 2 de septiembre de 2026.-<\/strong> \u201cLa Presidenta quiere mucho a Veracruz y a los veracruzanos. Ha visitado 15 veces el estado y, pr\u00e1cticamente, en todos los rubros aparece Veracruz\u201d, afirm\u00f3 la gobernadora Roc\u00edo Nahle Garc\u00eda al subrayar la presencia de la entidad en los principales resultados presentados por la presidenta Claudia Sheinbaum Pardo durante su Segundo Informe de Gobierno.<\/p>\n\n\n\n<p class=\"wp-block-paragraph\">Entre los proyectos para Veracruz mencion\u00f3 el Acueducto Coatzacoalcos, la pr\u00f3xima Planta de Tratamiento de Aguas Residuales&nbsp; en Poza Rica y la planta de fertilizantes Escol\u00edn.<\/p>\n\n\n\n<p class=\"wp-block-paragraph\">A ello se suma el plan integral para recuperar la petroqu\u00edmica, con una inversi\u00f3n mixta de 93 mil millones de pesos para elevar la producci\u00f3n anual de petroqu\u00edmicos y fertilizantes a 4 millones de toneladas, mediante la rehabilitaci\u00f3n de los complejos Cangrejera y Morelos, Cosoleacaque, L\u00e1zaro C\u00e1rdenas y ProAgro.<\/p>\n\n\n\n<p class=\"wp-block-paragraph\">En infraestructura, resalt\u00f3 la rehabilitaci\u00f3n de la ruta del Golfo, desde Tabasco hasta Tamaulipas, y el Distribuidor Vial de acceso al puerto de Veracruz, pr\u00e1cticamente concluido.<\/p>\n\n\n\n<p class=\"wp-block-paragraph\">Tambi\u00e9n destac\u00f3 la construcci\u00f3n del Puente Coatzacoalcos III y las inversiones destinadas a mejorar la conectividad regional.<\/p>\n\n\n\n<p class=\"wp-block-paragraph\">La Gobernadora agradeci\u00f3 el reconocimiento de la Presidenta a la Refiner\u00eda Olmeca, cuya operaci\u00f3n, se\u00f1al\u00f3, ha contribuido a fortalecer la producci\u00f3n nacional de combustibles y mantener la estabilidad en el precio de las gasolinas, \u201cpara m\u00ed es un timbre de orgullo haber participado en esa gran obra que construyeron las y los mexicanos\u201d, expres\u00f3.<\/p>\n\n\n\n<p class=\"wp-block-paragraph\">En salud, resalt\u00f3 la inauguraci\u00f3n del Hospital Materno Infantil de Coatzacoalcos y los avances hacia la atenci\u00f3n universal; en educaci\u00f3n, la ampliaci\u00f3n de becas, escuelas y oportunidades para mantener a ni\u00f1as, ni\u00f1os y j\u00f3venes en las aulas.<\/p>\n\n\n\n<p class=\"wp-block-paragraph\">Sobre seguridad, se\u00f1al\u00f3 que la estrategia nacional tambi\u00e9n se refleja en Veracruz mediante la prevenci\u00f3n de adicciones, la formaci\u00f3n y capacitaci\u00f3n de nuevos elementos policiales y el fortalecimiento del equipamiento.<\/p>\n\n\n\n<p class=\"wp-block-paragraph\">La Mandataria destac\u00f3 que la coordinaci\u00f3n entre los gobiernos federal y estatal ha permitido avanzar en proyectos prioritarios y record\u00f3 que la Presidenta de M\u00e9xico visitar\u00e1 el pr\u00f3ximo 10 de septiembre, cuando presentar\u00e1 en el estadio Beto \u00c1vila un informe sobre las acciones y obras realizadas por su administraci\u00f3n en la entidad.<\/p>\n\n\n\n<p class=\"wp-block-paragraph\">\u201cEs ayudar a todo M\u00e9xico, porque no podemos dejar un estado rezagado. En Veracruz trabajamos de la misma manera: por Veracruz y por los veracruzanos, sin distinci\u00f3n\u201d, concluy\u00f3.<\/p>\n","protected":false},"excerpt":{"rendered":"<p>Xalapa, Ver., mi\u00e9rcoles 2 de septiembre de 2026.- \u201cLa Presidenta quiere mucho a Veracruz y a los veracruzanos. Ha visitado 15 veces el estado y, pr\u00e1cticamente, en todos los rubros aparece Veracruz\u201d, afirm\u00f3 la gobernadora Roc\u00edo Nahle Garc\u00eda al subrayar la presencia de la entidad en los principales resultados presentados por la presidenta Claudia Sheinbaum&#8230;<\/p>\n","protected":false},"author":2,"featured_media":10437,"comment_status":"closed","ping_status":"closed","sticky":false,"template":"","format":"standard","meta":{"_jetpack_newsletter_access":"","_jetpack_dont_email_post_to_subs":false,"_jetpack_newsletter_tier_id":0,"_jetpack_memberships_contains_paywalled_content":false,"_jetpack_feature_clip_id":0,"_jetpack_memberships_contains_paid_content":false,"footnotes":"","jetpack_publicize_message":"","jetpack_publicize_feature_enabled":true,"jetpack_social_post_already_shared":true,"jetpack_social_options":{"image_generator_settings":{"template":"highway","default_image_id":0,"font":"","enabled":false},"version":2},"jetpack_post_was_ever_published":false},"categories":[23],"tags":[],"class_list":["post-10436","post","type-post","status-publish","format-standard","has-post-thumbnail","hentry","category-actividadesnahle"],"jetpack_publicize_connections":[],"jetpack_featured_media_url":"https:\/\/veracruzanosexcepcionahles.com\/wp-content\/uploads\/2026\/09\/791996336_860691563678646_5063296991368020663_n.jpg","jetpack_sharing_enabled":true,"jetpack_likes_enabled":true,"jetpack_shortlink":"https:\/\/wp.me\/pe8dhK-2Ik","_links":{"self":[{"href":"https:\/\/veracruzanosexcepcionahles.com\/index.php\/wp-json\/wp\/v2\/posts\/10436","targetHints":{"allow":["GET"]}}],"collection":[{"href":"https:\/\/veracruzanosexcepcionahles.com\/index.php\/wp-json\/wp\/v2\/posts"}],"about":[{"href":"https:\/\/veracruzanosexcepcionahles.com\/index.php\/wp-json\/wp\/v2\/types\/post"}],"author":[{"embeddable":true,"href":"https:\/\/veracruzanosexcepcionahles.com\/index.php\/wp-json\/wp\/v2\/users\/2"}],"replies":[{"embeddable":true,"href":"https:\/\/veracruzanosexcepcionahles.com\/index.php\/wp-json\/wp\/v2\/comments?post=10436"}],"version-history":[{"count":1,"href":"https:\/\/veracruzanosexcepcionahles.com\/index.php\/wp-json\/wp\/v2\/posts\/10436\/revisions"}],"predecessor-version":[{"id":10438,"href":"https:\/\/veracruzanosexcepcionahles.com\/index.php\/wp-json\/wp\/v2\/posts\/10436\/revisions\/10438"}],"wp:featuredmedia":[{"embeddable":true,"href":"https:\/\/veracruzanosexcepcionahles.com\/index.php\/wp-json\/wp\/v2\/media\/10437"}],"wp:attachment":[{"href":"https:\/\/veracruzanosexcepcionahles.com\/index.php\/wp-json\/wp\/v2\/media?parent=10436"}],"wp:term":[{"taxonomy":"category","embeddable":true,"href":"https:\/\/veracruzanosexcepcionahles.com\/index.php\/wp-json\/wp\/v2\/categories?post=10436"},{"taxonomy":"post_tag","embeddable":true,"href":"https:\/\/veracruzanosexcepcionahles.com\/index.php\/wp-json\/wp\/v2\/tags?post=10436"}],"curies":[{"name":"wp","href":"https:\/\/api.w.org\/{rel}","templated":true}]}}