{"id":10433,"date":"2026-09-01T17:12:39","date_gmt":"2026-09-01T23:12:39","guid":{"rendered":"https:\/\/veracruzanosexcepcionahles.com\/?p=10433"},"modified":"2026-09-01T17:12:41","modified_gmt":"2026-09-01T23:12:41","slug":"veracruz-esta-de-moda-y-lo-estara-mas-con-el-estreno-de-la-produccion-que-salma-hayek-realizo-en-la-entidad","status":"publish","type":"post","link":"https:\/\/veracruzanosexcepcionahles.com\/index.php\/2026\/09\/01\/veracruz-esta-de-moda-y-lo-estara-mas-con-el-estreno-de-la-produccion-que-salma-hayek-realizo-en-la-entidad\/","title":{"rendered":"Veracruz est\u00e1 de moda y lo estar\u00e1 m\u00e1s con el estreno de la producci\u00f3n que Salma Hayek realiz\u00f3 en la entidad"},"content":{"rendered":"\n<p class=\"wp-block-paragraph\">\/Javier Laertes<\/p>\n\n\n\n<p class=\"wp-block-paragraph\">\u201cVeracruz est\u00e1 de moda\u201d y contar\u00e1 con una mayor proyecci\u00f3n gracias a la producci\u00f3n que realiz\u00f3 la actriz internacional veracruzana Salma Hayek, la cual se film\u00f3 en locaciones de la entidad y se estrenar\u00e1 pronto resalt\u00f3 la gobernadora Roc\u00edo Nahle Garc\u00eda, quien reconoci\u00f3 tambi\u00e9n a la cantante Yuri, otra veracruzana que durante su carrera ha hecho promoci\u00f3n permanente del estado por lo que contar\u00e1 con una estatua.<\/p>\n\n\n\n<p class=\"wp-block-paragraph\">Entrevistada en el aeropuerto capitalino a su arribo para asistir al Segundo Informe de la presidenta Claudia Sheinbaum Pardo, la mandataria estatal fue abordada por el equipo del programa \u201cEl Gordo y la Flaca\u201d, donde destac\u00f3 el crecimiento tur\u00edstico de Veracruz gracias a las acciones de promoci\u00f3n que se implementan para generar la llegada de m\u00e1s visitantes.<\/p>\n\n\n\n<p class=\"wp-block-paragraph\">En ese tenor, Nahle Garc\u00eda record\u00f3 que la propia Salma Hayek realiz\u00f3 en compa\u00f1\u00eda de la tambi\u00e9n internacional Angelina Jolie una visita a la entidad para ubicar locaciones, donde a la actriz estadounidense le \u201cencant\u00f3 Veracruz\u201d por lo que se llev\u00f3 a cabo el rodaje.<\/p>\n\n\n\n<p class=\"wp-block-paragraph\">Y es que si bien fue cuestionada respecto a la trama de la pel\u00edcula, as\u00ed como la fecha del estreno, Nahle Garc\u00eda descart\u00f3 abundar en el tema, sin embargo, adelant\u00f3 que con estas acciones se promover\u00e1 a\u00fan m\u00e1s a la entidad veracruzana.<\/p>\n\n\n\n<p class=\"wp-block-paragraph\">\u201cVeracruz est\u00e1 de moda y traemos much\u00edsimos temas de turismo, Salma Hayek, tambi\u00e9n nuestra paisana de Coatzacoalcos, nos ha hecho una gran promoci\u00f3n tambi\u00e9n su tierra, hizo una filmaci\u00f3n muy importante en Veracruz, esperemos que pronto salga a la luz la pel\u00edcula, junto con Angelina Jolie, creo que van juntas en el proyecto y Angelina le gust\u00f3 mucho Veracruz, estuvieron en los Tuxtlas y Salma apoyando mucho a M\u00e9xico, a las mujeres de M\u00e9xico y sobre todo a Veracruz; muy bonita, esperen la pr\u00f3xima pel\u00edcula de Salma Hayek\u201d, resalt\u00f3.<\/p>\n\n\n\n<p class=\"wp-block-paragraph\">Asimismo, adelant\u00f3 que est\u00e1 autorizada por el Ayuntamiento de Veracruz la estatua de la cantante jarocha Yuri, la cual se ubicar\u00e1 en el emblem\u00e1tico malec\u00f3n del puerto entre Paseo Miguel Alem\u00e1n y la calle Washington como un homenaje a los 50 a\u00f1os de carrera de la interprete de la \u201cmaldita primavera\u201d quien durante todos esos a\u00f1os ha hecho promoci\u00f3n de Veracruz.<\/p>\n\n\n\n<p class=\"wp-block-paragraph\">Reconoci\u00f3 que esta iniciativa se deriv\u00f3 de las peticiones de los seguidores de la cantante, donde el dise\u00f1o de la estatua tiene el visto bueno de la artista por lo que se prev\u00e9 quede concluida e instalada en 2027.<\/p>\n\n\n\n<p class=\"wp-block-paragraph\">\u201cYuri es una gran artista, jarocha y sus fans solicitaron el espacio y el permiso para hacer una gran estatua, desde luego en el malec\u00f3n del puerto de Veracruz va a quedar muy bonita sin duda, ya se autoriz\u00f3 por la alcaldesa del municipio tambi\u00e9n, Yuri tiene 50 a\u00f1os de carrera art\u00edstica y esos 50 a\u00f1os se ha dedicado hacer promoci\u00f3n del estado de Veracruz\u201d, finaliz\u00f3.<\/p>\n","protected":false},"excerpt":{"rendered":"<p>\/Javier Laertes \u201cVeracruz est\u00e1 de moda\u201d y contar\u00e1 con una mayor proyecci\u00f3n gracias a la producci\u00f3n que realiz\u00f3 la actriz internacional veracruzana Salma Hayek, la cual se film\u00f3 en locaciones de la entidad y se estrenar\u00e1 pronto resalt\u00f3 la gobernadora Roc\u00edo Nahle Garc\u00eda, quien reconoci\u00f3 tambi\u00e9n a la cantante Yuri, otra veracruzana que durante su&#8230;<\/p>\n","protected":false},"author":2,"featured_media":10434,"comment_status":"closed","ping_status":"closed","sticky":false,"template":"","format":"standard","meta":{"_jetpack_newsletter_access":"","_jetpack_dont_email_post_to_subs":false,"_jetpack_newsletter_tier_id":0,"_jetpack_memberships_contains_paywalled_content":false,"_jetpack_feature_clip_id":0,"_jetpack_memberships_contains_paid_content":false,"footnotes":"","jetpack_publicize_message":"","jetpack_publicize_feature_enabled":true,"jetpack_social_post_already_shared":true,"jetpack_social_options":{"image_generator_settings":{"template":"highway","default_image_id":0,"font":"","enabled":false},"version":2},"jetpack_post_was_ever_published":false},"categories":[22],"tags":[],"class_list":["post-10433","post","type-post","status-publish","format-standard","has-post-thumbnail","hentry","category-editorial"],"jetpack_publicize_connections":[],"jetpack_featured_media_url":"https:\/\/veracruzanosexcepcionahles.com\/wp-content\/uploads\/2026\/09\/WhatsApp-Image-2026-09-01-at-5.06.35-PM-e1788304347497.jpeg","jetpack_sharing_enabled":true,"jetpack_likes_enabled":true,"jetpack_shortlink":"https:\/\/wp.me\/pe8dhK-2Ih","_links":{"self":[{"href":"https:\/\/veracruzanosexcepcionahles.com\/index.php\/wp-json\/wp\/v2\/posts\/10433","targetHints":{"allow":["GET"]}}],"collection":[{"href":"https:\/\/veracruzanosexcepcionahles.com\/index.php\/wp-json\/wp\/v2\/posts"}],"about":[{"href":"https:\/\/veracruzanosexcepcionahles.com\/index.php\/wp-json\/wp\/v2\/types\/post"}],"author":[{"embeddable":true,"href":"https:\/\/veracruzanosexcepcionahles.com\/index.php\/wp-json\/wp\/v2\/users\/2"}],"replies":[{"embeddable":true,"href":"https:\/\/veracruzanosexcepcionahles.com\/index.php\/wp-json\/wp\/v2\/comments?post=10433"}],"version-history":[{"count":1,"href":"https:\/\/veracruzanosexcepcionahles.com\/index.php\/wp-json\/wp\/v2\/posts\/10433\/revisions"}],"predecessor-version":[{"id":10435,"href":"https:\/\/veracruzanosexcepcionahles.com\/index.php\/wp-json\/wp\/v2\/posts\/10433\/revisions\/10435"}],"wp:featuredmedia":[{"embeddable":true,"href":"https:\/\/veracruzanosexcepcionahles.com\/index.php\/wp-json\/wp\/v2\/media\/10434"}],"wp:attachment":[{"href":"https:\/\/veracruzanosexcepcionahles.com\/index.php\/wp-json\/wp\/v2\/media?parent=10433"}],"wp:term":[{"taxonomy":"category","embeddable":true,"href":"https:\/\/veracruzanosexcepcionahles.com\/index.php\/wp-json\/wp\/v2\/categories?post=10433"},{"taxonomy":"post_tag","embeddable":true,"href":"https:\/\/veracruzanosexcepcionahles.com\/index.php\/wp-json\/wp\/v2\/tags?post=10433"}],"curies":[{"name":"wp","href":"https:\/\/api.w.org\/{rel}","templated":true}]}}