{"id":10428,"date":"2026-09-01T14:24:26","date_gmt":"2026-09-01T20:24:26","guid":{"rendered":"https:\/\/veracruzanosexcepcionahles.com\/?p=10428"},"modified":"2026-09-01T14:24:27","modified_gmt":"2026-09-01T20:24:27","slug":"veracruz-presente-en-el-segundo-informe-de-la-presidenta-de-mexico-rocio-nahle","status":"publish","type":"post","link":"https:\/\/veracruzanosexcepcionahles.com\/index.php\/2026\/09\/01\/veracruz-presente-en-el-segundo-informe-de-la-presidenta-de-mexico-rocio-nahle\/","title":{"rendered":"Veracruz, presente en el Segundo Informe de la Presidenta de M\u00e9xico: Roc\u00edo Nahle"},"content":{"rendered":"\n<p class=\"wp-block-paragraph\">>Referente de la transformaci\u00f3n energ\u00e9tica y de infraestructura.<\/p>\n\n\n\n<p class=\"wp-block-paragraph\">&gt;La Refiner\u00eda Olmeca, contribuye a hacer frente al incremento en los precios de los combustibles.<\/p>\n\n\n\n<figure class=\"wp-block-gallery has-nested-images columns-default is-cropped wp-block-gallery-1 is-layout-flex wp-block-gallery-is-layout-flex\">\n<figure class=\"wp-block-image size-large\"><img loading=\"lazy\" decoding=\"async\" width=\"1024\" height=\"681\" data-id=\"10430\" src=\"https:\/\/veracruzanosexcepcionahles.com\/wp-content\/uploads\/2026\/09\/WhatsApp-Image-2026-09-01-at-2.08.36-PM-1024x681.jpeg\" alt=\"\" class=\"wp-image-10430\" srcset=\"https:\/\/veracruzanosexcepcionahles.com\/wp-content\/uploads\/2026\/09\/WhatsApp-Image-2026-09-01-at-2.08.36-PM-1024x681.jpeg 1024w, https:\/\/veracruzanosexcepcionahles.com\/wp-content\/uploads\/2026\/09\/WhatsApp-Image-2026-09-01-at-2.08.36-PM-300x200.jpeg 300w, https:\/\/veracruzanosexcepcionahles.com\/wp-content\/uploads\/2026\/09\/WhatsApp-Image-2026-09-01-at-2.08.36-PM-768x511.jpeg 768w, https:\/\/veracruzanosexcepcionahles.com\/wp-content\/uploads\/2026\/09\/WhatsApp-Image-2026-09-01-at-2.08.36-PM-600x400.jpeg 600w, https:\/\/veracruzanosexcepcionahles.com\/wp-content\/uploads\/2026\/09\/WhatsApp-Image-2026-09-01-at-2.08.36-PM.jpeg 1280w\" sizes=\"auto, (max-width: 1024px) 100vw, 1024px\" \/><\/figure>\n<\/figure>\n\n\n\n<p class=\"wp-block-paragraph\"><strong>Ciudad de M\u00e9xico., martes 1 de septiembre de 2026.- <\/strong>En el Patio de Honor de Palacio Nacional, la gobernadora Roc\u00edo Nahle Garc\u00eda, acompa\u00f1\u00f3 a la presidenta de M\u00e9xico, Claudia Sheinbaum Pardo, durante el mensaje con motivo de su Segundo Informe de Gobierno, en el que destac\u00f3 los resultados alcanzados a partir de una pol\u00edtica sustentada en la honestidad y el humanismo mexicano.<\/p>\n\n\n\n<p class=\"wp-block-paragraph\">Durante su mensaje, la Presidenta de M\u00e9xico destac\u00f3 la relevancia de Veracruz en la recuperaci\u00f3n de la industria petroqu\u00edmica y en el fortalecimiento de la soberan\u00eda energ\u00e9tica del pa\u00eds.<\/p>\n\n\n\n<p class=\"wp-block-paragraph\">\u201cMediante los proyectos de Escol\u00edn, Cosoleacaque, Morelos y Cangrejera, hemos puesto en marcha el Plan de Gasoductos para M\u00e9xico, para modernizar y ampliar el transporte de gas natural que abastece al sureste, as\u00ed como las 13 nuevas centrales el\u00e9ctricas de ciclo combinado y los Polos de Desarrollo para el Bienestar\u201d.<\/p>\n\n\n\n<p class=\"wp-block-paragraph\">La Presidenta tambi\u00e9n mencion\u00f3 la conformaci\u00f3n del Comit\u00e9 de Expertos para analizar la viabilidad de explotar gas no convencional, cuyos trabajos determinaron prohibir su explotaci\u00f3n en la Cuenca Tampico-Misantla, con el prop\u00f3sito de proteger a las comunidades y los recursos naturales. Esta determinaci\u00f3n, se\u00f1al\u00f3, ser\u00e1 respetada y publicada.<\/p>\n\n\n\n<p class=\"wp-block-paragraph\">Respecto de la Refiner\u00eda Olmeca, ubicada en Dos Bocas, destac\u00f3 que contribuye al fortalecimiento del Sistema Nacional de Refinaci\u00f3n y que su entrada en operaci\u00f3n ha permitido hacer frente al incremento en los precios de los combustibles y al desabasto que afecta a diversos pa\u00edses.<\/p>\n\n\n\n<p class=\"wp-block-paragraph\">\u201cA todos los que criticaron la construcci\u00f3n de la Refiner\u00eda Olmeca en Dos Bocas, hoy se demuestra que gracias a ella hemos podido enfrentar el aumento en los precios de los combustibles y el desabasto que afecta a la gran mayor\u00eda de los pa\u00edses\u201d.<\/p>\n\n\n\n<p class=\"wp-block-paragraph\">En materia de infraestructura carretera, inform\u00f3 que el plan de mejoramiento y ampliaci\u00f3n contempla el Corredor del Golfo de M\u00e9xico y la conclusi\u00f3n de la carretera que recorrer\u00e1 Veracruz de sur a norte. Asimismo, entre los 70 puentes y distribuidores viales considerados se encuentran obras en Veracruz y Coatzacoalcos.<\/p>\n\n\n\n<p class=\"wp-block-paragraph\">Sobre el Tren Interoce\u00e1nico, se\u00f1al\u00f3 que la ruta Salina Cruz-Coatzacoalcos ha transportado 2 millones de toneladas de carga y anunci\u00f3 que el servicio de pasajeros iniciar\u00e1 nuevamente operaciones en febrero del pr\u00f3ximo a\u00f1o.<\/p>\n\n\n\n<p class=\"wp-block-paragraph\">Finalmente, hizo referencia a los proyectos estrat\u00e9gicos en materia de agua, entre ellos la construcci\u00f3n del Acueducto Coatzacoalcos.<\/p>\n","protected":false},"excerpt":{"rendered":"<p>>Referente de la transformaci\u00f3n energ\u00e9tica y de infraestructura. &gt;La Refiner\u00eda Olmeca, contribuye a hacer frente al incremento en los precios de los combustibles. Ciudad de M\u00e9xico., martes 1 de septiembre de 2026.- En el Patio de Honor de Palacio Nacional, la gobernadora Roc\u00edo Nahle Garc\u00eda, acompa\u00f1\u00f3 a la presidenta de M\u00e9xico, Claudia Sheinbaum Pardo, durante&#8230;<\/p>\n","protected":false},"author":2,"featured_media":10429,"comment_status":"closed","ping_status":"closed","sticky":false,"template":"","format":"standard","meta":{"_jetpack_newsletter_access":"","_jetpack_dont_email_post_to_subs":false,"_jetpack_newsletter_tier_id":0,"_jetpack_memberships_contains_paywalled_content":false,"_jetpack_feature_clip_id":0,"_jetpack_memberships_contains_paid_content":false,"footnotes":"","jetpack_publicize_message":"","jetpack_publicize_feature_enabled":true,"jetpack_social_post_already_shared":true,"jetpack_social_options":{"image_generator_settings":{"template":"highway","default_image_id":0,"font":"","enabled":false},"version":2},"jetpack_post_was_ever_published":false},"categories":[23],"tags":[],"class_list":["post-10428","post","type-post","status-publish","format-standard","has-post-thumbnail","hentry","category-actividadesnahle"],"jetpack_publicize_connections":[],"jetpack_featured_media_url":"https:\/\/veracruzanosexcepcionahles.com\/wp-content\/uploads\/2026\/09\/WhatsApp-Image-2026-09-01-at-2.09.40-PM-e1788294251789.jpeg","jetpack_sharing_enabled":true,"jetpack_likes_enabled":true,"jetpack_shortlink":"https:\/\/wp.me\/pe8dhK-2Ic","_links":{"self":[{"href":"https:\/\/veracruzanosexcepcionahles.com\/index.php\/wp-json\/wp\/v2\/posts\/10428","targetHints":{"allow":["GET"]}}],"collection":[{"href":"https:\/\/veracruzanosexcepcionahles.com\/index.php\/wp-json\/wp\/v2\/posts"}],"about":[{"href":"https:\/\/veracruzanosexcepcionahles.com\/index.php\/wp-json\/wp\/v2\/types\/post"}],"author":[{"embeddable":true,"href":"https:\/\/veracruzanosexcepcionahles.com\/index.php\/wp-json\/wp\/v2\/users\/2"}],"replies":[{"embeddable":true,"href":"https:\/\/veracruzanosexcepcionahles.com\/index.php\/wp-json\/wp\/v2\/comments?post=10428"}],"version-history":[{"count":1,"href":"https:\/\/veracruzanosexcepcionahles.com\/index.php\/wp-json\/wp\/v2\/posts\/10428\/revisions"}],"predecessor-version":[{"id":10431,"href":"https:\/\/veracruzanosexcepcionahles.com\/index.php\/wp-json\/wp\/v2\/posts\/10428\/revisions\/10431"}],"wp:featuredmedia":[{"embeddable":true,"href":"https:\/\/veracruzanosexcepcionahles.com\/index.php\/wp-json\/wp\/v2\/media\/10429"}],"wp:attachment":[{"href":"https:\/\/veracruzanosexcepcionahles.com\/index.php\/wp-json\/wp\/v2\/media?parent=10428"}],"wp:term":[{"taxonomy":"category","embeddable":true,"href":"https:\/\/veracruzanosexcepcionahles.com\/index.php\/wp-json\/wp\/v2\/categories?post=10428"},{"taxonomy":"post_tag","embeddable":true,"href":"https:\/\/veracruzanosexcepcionahles.com\/index.php\/wp-json\/wp\/v2\/tags?post=10428"}],"curies":[{"name":"wp","href":"https:\/\/api.w.org\/{rel}","templated":true}]}}