{"id":10414,"date":"2026-08-31T13:42:50","date_gmt":"2026-08-31T19:42:50","guid":{"rendered":"https:\/\/veracruzanosexcepcionahles.com\/?p=10414"},"modified":"2026-08-31T13:42:52","modified_gmt":"2026-08-31T19:42:52","slug":"compromiso-cumplido-rocio-nahle-inaugura-escuela-veracruzana-de-servicios-turisticos","status":"publish","type":"post","link":"https:\/\/veracruzanosexcepcionahles.com\/index.php\/2026\/08\/31\/compromiso-cumplido-rocio-nahle-inaugura-escuela-veracruzana-de-servicios-turisticos\/","title":{"rendered":"Compromiso cumplido: Roc\u00edo Nahle inaugura Escuela Veracruzana de Servicios Tur\u00edsticos"},"content":{"rendered":"\n<p class=\"wp-block-paragraph\">>\u201cHoy se empieza a escribir una etapa m\u00e1s en el turismo de Veracruz\u201d.<\/p>\n\n\n\n<p class=\"wp-block-paragraph\">&gt;La instituci\u00f3n abrir\u00e1 una nueva generaci\u00f3n cada cuatro meses.<\/p>\n\n\n\n<figure class=\"wp-block-gallery has-nested-images columns-default is-cropped wp-block-gallery-1 is-layout-flex wp-block-gallery-is-layout-flex\">\n<figure class=\"wp-block-image size-large\"><img loading=\"lazy\" decoding=\"async\" width=\"1024\" height=\"683\" data-id=\"10415\" src=\"https:\/\/veracruzanosexcepcionahles.com\/wp-content\/uploads\/2026\/08\/WhatsApp-Image-2026-08-31-at-1.39.20-PM-1024x683.jpeg\" alt=\"\" class=\"wp-image-10415\" srcset=\"https:\/\/veracruzanosexcepcionahles.com\/wp-content\/uploads\/2026\/08\/WhatsApp-Image-2026-08-31-at-1.39.20-PM-1024x683.jpeg 1024w, https:\/\/veracruzanosexcepcionahles.com\/wp-content\/uploads\/2026\/08\/WhatsApp-Image-2026-08-31-at-1.39.20-PM-300x200.jpeg 300w, https:\/\/veracruzanosexcepcionahles.com\/wp-content\/uploads\/2026\/08\/WhatsApp-Image-2026-08-31-at-1.39.20-PM-768x512.jpeg 768w, https:\/\/veracruzanosexcepcionahles.com\/wp-content\/uploads\/2026\/08\/WhatsApp-Image-2026-08-31-at-1.39.20-PM-1536x1024.jpeg 1536w, https:\/\/veracruzanosexcepcionahles.com\/wp-content\/uploads\/2026\/08\/WhatsApp-Image-2026-08-31-at-1.39.20-PM-600x400.jpeg 600w, https:\/\/veracruzanosexcepcionahles.com\/wp-content\/uploads\/2026\/08\/WhatsApp-Image-2026-08-31-at-1.39.20-PM.jpeg 1600w\" sizes=\"auto, (max-width: 1024px) 100vw, 1024px\" \/><\/figure>\n\n\n\n<figure class=\"wp-block-image size-large\"><img loading=\"lazy\" decoding=\"async\" width=\"1024\" height=\"683\" data-id=\"10416\" src=\"https:\/\/veracruzanosexcepcionahles.com\/wp-content\/uploads\/2026\/08\/WhatsApp-Image-2026-08-31-at-1.39.22-PM-1024x683.jpeg\" alt=\"\" class=\"wp-image-10416\" srcset=\"https:\/\/veracruzanosexcepcionahles.com\/wp-content\/uploads\/2026\/08\/WhatsApp-Image-2026-08-31-at-1.39.22-PM-1024x683.jpeg 1024w, https:\/\/veracruzanosexcepcionahles.com\/wp-content\/uploads\/2026\/08\/WhatsApp-Image-2026-08-31-at-1.39.22-PM-300x200.jpeg 300w, https:\/\/veracruzanosexcepcionahles.com\/wp-content\/uploads\/2026\/08\/WhatsApp-Image-2026-08-31-at-1.39.22-PM-768x512.jpeg 768w, https:\/\/veracruzanosexcepcionahles.com\/wp-content\/uploads\/2026\/08\/WhatsApp-Image-2026-08-31-at-1.39.22-PM-1536x1024.jpeg 1536w, https:\/\/veracruzanosexcepcionahles.com\/wp-content\/uploads\/2026\/08\/WhatsApp-Image-2026-08-31-at-1.39.22-PM-600x400.jpeg 600w, https:\/\/veracruzanosexcepcionahles.com\/wp-content\/uploads\/2026\/08\/WhatsApp-Image-2026-08-31-at-1.39.22-PM.jpeg 1600w\" sizes=\"auto, (max-width: 1024px) 100vw, 1024px\" \/><\/figure>\n\n\n\n<figure class=\"wp-block-image size-large\"><img loading=\"lazy\" decoding=\"async\" width=\"1024\" height=\"683\" data-id=\"10417\" src=\"https:\/\/veracruzanosexcepcionahles.com\/wp-content\/uploads\/2026\/08\/WhatsApp-Image-2026-08-31-at-1.36.05-PM-1024x683.jpeg\" alt=\"\" class=\"wp-image-10417\" srcset=\"https:\/\/veracruzanosexcepcionahles.com\/wp-content\/uploads\/2026\/08\/WhatsApp-Image-2026-08-31-at-1.36.05-PM-1024x683.jpeg 1024w, https:\/\/veracruzanosexcepcionahles.com\/wp-content\/uploads\/2026\/08\/WhatsApp-Image-2026-08-31-at-1.36.05-PM-300x200.jpeg 300w, https:\/\/veracruzanosexcepcionahles.com\/wp-content\/uploads\/2026\/08\/WhatsApp-Image-2026-08-31-at-1.36.05-PM-768x512.jpeg 768w, https:\/\/veracruzanosexcepcionahles.com\/wp-content\/uploads\/2026\/08\/WhatsApp-Image-2026-08-31-at-1.36.05-PM-1536x1024.jpeg 1536w, https:\/\/veracruzanosexcepcionahles.com\/wp-content\/uploads\/2026\/08\/WhatsApp-Image-2026-08-31-at-1.36.05-PM-600x400.jpeg 600w, https:\/\/veracruzanosexcepcionahles.com\/wp-content\/uploads\/2026\/08\/WhatsApp-Image-2026-08-31-at-1.36.05-PM.jpeg 1600w\" sizes=\"auto, (max-width: 1024px) 100vw, 1024px\" \/><\/figure>\n\n\n\n<figure class=\"wp-block-image size-large\"><img loading=\"lazy\" decoding=\"async\" width=\"1024\" height=\"576\" data-id=\"10418\" src=\"https:\/\/veracruzanosexcepcionahles.com\/wp-content\/uploads\/2026\/08\/WhatsApp-Image-2026-08-31-at-1.35.58-PM-1024x576.jpeg\" alt=\"\" class=\"wp-image-10418\" srcset=\"https:\/\/veracruzanosexcepcionahles.com\/wp-content\/uploads\/2026\/08\/WhatsApp-Image-2026-08-31-at-1.35.58-PM-1024x576.jpeg 1024w, https:\/\/veracruzanosexcepcionahles.com\/wp-content\/uploads\/2026\/08\/WhatsApp-Image-2026-08-31-at-1.35.58-PM-300x169.jpeg 300w, https:\/\/veracruzanosexcepcionahles.com\/wp-content\/uploads\/2026\/08\/WhatsApp-Image-2026-08-31-at-1.35.58-PM-768x432.jpeg 768w, https:\/\/veracruzanosexcepcionahles.com\/wp-content\/uploads\/2026\/08\/WhatsApp-Image-2026-08-31-at-1.35.58-PM-1536x864.jpeg 1536w, https:\/\/veracruzanosexcepcionahles.com\/wp-content\/uploads\/2026\/08\/WhatsApp-Image-2026-08-31-at-1.35.58-PM.jpeg 1600w\" sizes=\"auto, (max-width: 1024px) 100vw, 1024px\" \/><\/figure>\n\n\n\n<figure class=\"wp-block-image size-large\"><img loading=\"lazy\" decoding=\"async\" width=\"1024\" height=\"683\" data-id=\"10419\" src=\"https:\/\/veracruzanosexcepcionahles.com\/wp-content\/uploads\/2026\/08\/WhatsApp-Image-2026-08-31-at-1.35.53-PM-1024x683.jpeg\" alt=\"\" class=\"wp-image-10419\" srcset=\"https:\/\/veracruzanosexcepcionahles.com\/wp-content\/uploads\/2026\/08\/WhatsApp-Image-2026-08-31-at-1.35.53-PM-1024x683.jpeg 1024w, https:\/\/veracruzanosexcepcionahles.com\/wp-content\/uploads\/2026\/08\/WhatsApp-Image-2026-08-31-at-1.35.53-PM-300x200.jpeg 300w, https:\/\/veracruzanosexcepcionahles.com\/wp-content\/uploads\/2026\/08\/WhatsApp-Image-2026-08-31-at-1.35.53-PM-768x512.jpeg 768w, https:\/\/veracruzanosexcepcionahles.com\/wp-content\/uploads\/2026\/08\/WhatsApp-Image-2026-08-31-at-1.35.53-PM-1536x1024.jpeg 1536w, https:\/\/veracruzanosexcepcionahles.com\/wp-content\/uploads\/2026\/08\/WhatsApp-Image-2026-08-31-at-1.35.53-PM-600x400.jpeg 600w, https:\/\/veracruzanosexcepcionahles.com\/wp-content\/uploads\/2026\/08\/WhatsApp-Image-2026-08-31-at-1.35.53-PM.jpeg 1600w\" sizes=\"auto, (max-width: 1024px) 100vw, 1024px\" \/><\/figure>\n\n\n\n<figure class=\"wp-block-image size-large\"><img loading=\"lazy\" decoding=\"async\" width=\"1024\" height=\"683\" data-id=\"10420\" src=\"https:\/\/veracruzanosexcepcionahles.com\/wp-content\/uploads\/2026\/08\/WhatsApp-Image-2026-08-31-at-1.34.13-PM-1024x683.jpeg\" alt=\"\" class=\"wp-image-10420\" srcset=\"https:\/\/veracruzanosexcepcionahles.com\/wp-content\/uploads\/2026\/08\/WhatsApp-Image-2026-08-31-at-1.34.13-PM-1024x683.jpeg 1024w, https:\/\/veracruzanosexcepcionahles.com\/wp-content\/uploads\/2026\/08\/WhatsApp-Image-2026-08-31-at-1.34.13-PM-300x200.jpeg 300w, https:\/\/veracruzanosexcepcionahles.com\/wp-content\/uploads\/2026\/08\/WhatsApp-Image-2026-08-31-at-1.34.13-PM-768x512.jpeg 768w, https:\/\/veracruzanosexcepcionahles.com\/wp-content\/uploads\/2026\/08\/WhatsApp-Image-2026-08-31-at-1.34.13-PM-1536x1024.jpeg 1536w, https:\/\/veracruzanosexcepcionahles.com\/wp-content\/uploads\/2026\/08\/WhatsApp-Image-2026-08-31-at-1.34.13-PM-2048x1365.jpeg 2048w, https:\/\/veracruzanosexcepcionahles.com\/wp-content\/uploads\/2026\/08\/WhatsApp-Image-2026-08-31-at-1.34.13-PM-600x400.jpeg 600w\" sizes=\"auto, (max-width: 1024px) 100vw, 1024px\" \/><\/figure>\n\n\n\n<figure class=\"wp-block-image size-large\"><img loading=\"lazy\" decoding=\"async\" width=\"1024\" height=\"683\" data-id=\"10421\" src=\"https:\/\/veracruzanosexcepcionahles.com\/wp-content\/uploads\/2026\/08\/WhatsApp-Image-2026-08-31-at-1.33.12-PM-1024x683.jpeg\" alt=\"\" class=\"wp-image-10421\" srcset=\"https:\/\/veracruzanosexcepcionahles.com\/wp-content\/uploads\/2026\/08\/WhatsApp-Image-2026-08-31-at-1.33.12-PM-1024x683.jpeg 1024w, https:\/\/veracruzanosexcepcionahles.com\/wp-content\/uploads\/2026\/08\/WhatsApp-Image-2026-08-31-at-1.33.12-PM-300x200.jpeg 300w, https:\/\/veracruzanosexcepcionahles.com\/wp-content\/uploads\/2026\/08\/WhatsApp-Image-2026-08-31-at-1.33.12-PM-768x512.jpeg 768w, https:\/\/veracruzanosexcepcionahles.com\/wp-content\/uploads\/2026\/08\/WhatsApp-Image-2026-08-31-at-1.33.12-PM-1536x1024.jpeg 1536w, https:\/\/veracruzanosexcepcionahles.com\/wp-content\/uploads\/2026\/08\/WhatsApp-Image-2026-08-31-at-1.33.12-PM-2048x1365.jpeg 2048w, https:\/\/veracruzanosexcepcionahles.com\/wp-content\/uploads\/2026\/08\/WhatsApp-Image-2026-08-31-at-1.33.12-PM-600x400.jpeg 600w\" sizes=\"auto, (max-width: 1024px) 100vw, 1024px\" \/><\/figure>\n<\/figure>\n\n\n\n<p class=\"wp-block-paragraph\"><strong>Boca del R\u00edo, Ver., lunes 31 de agosto de 2026.-<\/strong> La gobernadora Roc\u00edo Nahle Garc\u00eda inaugur\u00f3 la Escuela Veracruzana de Servicios Tur\u00edsticos, proyecto planteado desde campa\u00f1a que hoy inicia con una primera generaci\u00f3n de 128 estudiantes, distribuidos en cuatro grupos de 32.<\/p>\n\n\n\n<p class=\"wp-block-paragraph\">La instituci\u00f3n impartir\u00e1 de manera gratuita la carrera de T\u00e9cnico Superior Universitario en Servicios Tur\u00edsticos, con una duraci\u00f3n de seis cuatrimestres, equivalentes a dos a\u00f1os, con respaldo de t\u00edtulo y c\u00e9dula profesional, adem\u00e1s de opci\u00f3n a certificaciones por competencias laborales.<\/p>\n\n\n\n<p class=\"wp-block-paragraph\">\u201cEste proyecto desde el primer momento naci\u00f3 bien\u201d, afirm\u00f3 la Gobernadora, al destacar que para su desarrollo se cont\u00f3 con la participaci\u00f3n de especialistas del sector, entre ellos el exsecretario federal de Turismo, Miguel Torruco Marqu\u00e9s, con quien se defini\u00f3 el modelo acad\u00e9mico y la orientaci\u00f3n de la escuela.<\/p>\n\n\n\n<p class=\"wp-block-paragraph\">El proyecto tambi\u00e9n permiti\u00f3 rescatar y rehabilitar espacios subutilizados del Ilustre Instituto Veracruzano, mediante trabajos de pintura, adecuaci\u00f3n y equipamiento, con lo que se ampl\u00eda el aprovechamiento de esta infraestructura educativa.<\/p>\n\n\n\n<p class=\"wp-block-paragraph\">\u201cHoy se empieza a escribir una etapa m\u00e1s en el turismo de Veracruz\u201d, expres\u00f3 Nahle Garc\u00eda, al se\u00f1alar que la escuela contribuir\u00e1 a elevar la calidad de los servicios tur\u00edsticos y a generar oportunidades para que las y los estudiantes puedan desarrollarse profesionalmente en el estado.<\/p>\n\n\n\n<p class=\"wp-block-paragraph\">La primera generaci\u00f3n tiene un car\u00e1cter inclusivo e intergeneracional, al integrar j\u00f3venes reci\u00e9n egresados de bachillerato, personas de entre 35 y 65 a\u00f1os que buscan profesionalizar su experiencia y estudiantes con discapacidad motriz.<\/p>\n\n\n\n<p class=\"wp-block-paragraph\">\u201cLa idea es que todos se queden aqu\u00ed\u201d, se\u00f1al\u00f3 la Mandataria, al destacar que la preparaci\u00f3n debe traducirse en oportunidades laborales y, posteriormente, tambi\u00e9n en posibilidades de emprendimiento dentro del sector.<\/p>\n\n\n\n<p class=\"wp-block-paragraph\">Como parte de los apoyos a la primera generaci\u00f3n, el Gobierno del Estado otorgar\u00e1 uniformes gratuitos y la instituci\u00f3n contar\u00e1 con un himno propio, como elementos de identidad para su comunidad estudiantil. Asimismo, tendr\u00e1 acceso a una colecci\u00f3n digital de m\u00e1s de 13 mil libros especializados en turismo de la Secretar\u00eda de Turismo federal.<\/p>\n\n\n\n<p class=\"wp-block-paragraph\">La vinculaci\u00f3n con el sector productivo se fortalecer\u00e1 mediante el Consejo Acad\u00e9mico y el Consejo Consultivo, integrados por especialistas, hoteleros, restauranteros y representantes de empresas tur\u00edsticas, quienes participar\u00e1n en el acompa\u00f1amiento de la formaci\u00f3n profesional.<\/p>\n\n\n\n<p class=\"wp-block-paragraph\">El secretario de Turismo, Igor Roj\u00ed L\u00f3pez, destac\u00f3 que la profesionalizaci\u00f3n responde a la importancia econ\u00f3mica de esta actividad en Veracruz, que representa aproximadamente 11.5 por ciento del Producto Interno Bruto estatal y genera empleo para alrededor de 360 mil personas. El estado cuenta adem\u00e1s con m\u00e1s de 52 mil habitaciones hoteleras, cifra que lo coloca como la cuarta entidad del pa\u00eds con mayor n\u00famero de cuartos.<\/p>\n\n\n\n<p class=\"wp-block-paragraph\">La escuela, encabezada por Ram\u00f3n Mart\u00ednez Gasca, proyecta abrir una nueva generaci\u00f3n cada cuatro meses, hasta alcanzar una matr\u00edcula aproximada de 600 estudiantes, con el aprovechamiento de sus instalaciones y laboratorios.<\/p>\n\n\n\n<p class=\"wp-block-paragraph\">Al acto asistieron la presidenta municipal de Boca del R\u00edo, Mar\u00eda Josefina Gamboa Torales; la presidenta municipal de Veracruz, Rosa Mar\u00eda Hern\u00e1ndez Espejo; la secretaria de Educaci\u00f3n de Veracruz, Raquel Bonilla Herrera; las diputadas integrantes de la Comisi\u00f3n de Turismo del Congreso del Estado, Nallely Mendoza Camarillo, Imelda Garrido Alvarado y Miriam Garc\u00eda Guzm\u00e1n, as\u00ed como representantes del sector tur\u00edstico.<\/p>\n","protected":false},"excerpt":{"rendered":"<p>>\u201cHoy se empieza a escribir una etapa m\u00e1s en el turismo de Veracruz\u201d. &gt;La instituci\u00f3n abrir\u00e1 una nueva generaci\u00f3n cada cuatro meses. Boca del R\u00edo, Ver., lunes 31 de agosto de 2026.- La gobernadora Roc\u00edo Nahle Garc\u00eda inaugur\u00f3 la Escuela Veracruzana de Servicios Tur\u00edsticos, proyecto planteado desde campa\u00f1a que hoy inicia con una primera generaci\u00f3n&#8230;<\/p>\n","protected":false},"author":2,"featured_media":10422,"comment_status":"closed","ping_status":"closed","sticky":false,"template":"","format":"standard","meta":{"_jetpack_newsletter_access":"","_jetpack_dont_email_post_to_subs":false,"_jetpack_newsletter_tier_id":0,"_jetpack_memberships_contains_paywalled_content":false,"_jetpack_feature_clip_id":0,"_jetpack_memberships_contains_paid_content":false,"footnotes":"","jetpack_publicize_message":"","jetpack_publicize_feature_enabled":true,"jetpack_social_post_already_shared":true,"jetpack_social_options":{"image_generator_settings":{"template":"highway","default_image_id":0,"font":"","enabled":false},"version":2},"jetpack_post_was_ever_published":false},"categories":[23],"tags":[],"class_list":["post-10414","post","type-post","status-publish","format-standard","has-post-thumbnail","hentry","category-actividadesnahle"],"jetpack_publicize_connections":[],"jetpack_featured_media_url":"https:\/\/veracruzanosexcepcionahles.com\/wp-content\/uploads\/2026\/08\/WhatsApp-Image-2026-08-31-at-1.38.05-PM.jpeg","jetpack_sharing_enabled":true,"jetpack_likes_enabled":true,"jetpack_shortlink":"https:\/\/wp.me\/pe8dhK-2HY","_links":{"self":[{"href":"https:\/\/veracruzanosexcepcionahles.com\/index.php\/wp-json\/wp\/v2\/posts\/10414","targetHints":{"allow":["GET"]}}],"collection":[{"href":"https:\/\/veracruzanosexcepcionahles.com\/index.php\/wp-json\/wp\/v2\/posts"}],"about":[{"href":"https:\/\/veracruzanosexcepcionahles.com\/index.php\/wp-json\/wp\/v2\/types\/post"}],"author":[{"embeddable":true,"href":"https:\/\/veracruzanosexcepcionahles.com\/index.php\/wp-json\/wp\/v2\/users\/2"}],"replies":[{"embeddable":true,"href":"https:\/\/veracruzanosexcepcionahles.com\/index.php\/wp-json\/wp\/v2\/comments?post=10414"}],"version-history":[{"count":1,"href":"https:\/\/veracruzanosexcepcionahles.com\/index.php\/wp-json\/wp\/v2\/posts\/10414\/revisions"}],"predecessor-version":[{"id":10423,"href":"https:\/\/veracruzanosexcepcionahles.com\/index.php\/wp-json\/wp\/v2\/posts\/10414\/revisions\/10423"}],"wp:featuredmedia":[{"embeddable":true,"href":"https:\/\/veracruzanosexcepcionahles.com\/index.php\/wp-json\/wp\/v2\/media\/10422"}],"wp:attachment":[{"href":"https:\/\/veracruzanosexcepcionahles.com\/index.php\/wp-json\/wp\/v2\/media?parent=10414"}],"wp:term":[{"taxonomy":"category","embeddable":true,"href":"https:\/\/veracruzanosexcepcionahles.com\/index.php\/wp-json\/wp\/v2\/categories?post=10414"},{"taxonomy":"post_tag","embeddable":true,"href":"https:\/\/veracruzanosexcepcionahles.com\/index.php\/wp-json\/wp\/v2\/tags?post=10414"}],"curies":[{"name":"wp","href":"https:\/\/api.w.org\/{rel}","templated":true}]}}