{"id":10411,"date":"2026-08-31T13:17:35","date_gmt":"2026-08-31T19:17:35","guid":{"rendered":"https:\/\/veracruzanosexcepcionahles.com\/?p=10411"},"modified":"2026-08-31T13:17:36","modified_gmt":"2026-08-31T19:17:36","slug":"rocio-nahle-inaugura-ciclo-escolar-2-millones-de-estudiantes-regresan-a-clases","status":"publish","type":"post","link":"https:\/\/veracruzanosexcepcionahles.com\/index.php\/2026\/08\/31\/rocio-nahle-inaugura-ciclo-escolar-2-millones-de-estudiantes-regresan-a-clases\/","title":{"rendered":"Roc\u00edo Nahle inaugura ciclo escolar; 2 millones de estudiantes regresan a clases"},"content":{"rendered":"\n<p class=\"wp-block-paragraph\">>1.2 millones de estudiantes y cerca de 91 mil maestras y maestros, de educaci\u00f3n b\u00e1sica.<\/p>\n\n\n\n<p class=\"wp-block-paragraph\">&gt;Transformaci\u00f3n de escuelas continuar\u00e1 todo el sexenio.<\/p>\n\n\n\n<p class=\"wp-block-paragraph\"><strong>Medell\u00edn, Ver., lunes 31 de agosto de 2026.-<\/strong> Con el regreso a clases de m\u00e1s de 2 millones de estudiantes de todos los niveles educativos, y alrededor de 150 mil maestras y maestros, Veracruz inici\u00f3 el ciclo escolar 2026-2027 con una pol\u00edtica educativa enfocada en mejorar las condiciones de las escuelas, apoyar a las familias y garantizar la permanencia de ni\u00f1as, ni\u00f1os y j\u00f3venes en las aulas, inform\u00f3 la gobernadora Roc\u00edo Nahle Garc\u00eda.<\/p>\n\n\n\n<p class=\"wp-block-paragraph\">Durante la ceremonia de inicio de clases en la primaria Nicol\u00e1s Bravo, junto con la secretaria de Educaci\u00f3n, Raquel Bonilla Herrera, la Gobernadora destac\u00f3 como prioridades la rehabilitaci\u00f3n y pintura de planteles, as\u00ed como la renovaci\u00f3n de pupitres y sillas, acciones que continuar\u00e1n durante todo el sexenio.<\/p>\n\n\n\n<p class=\"wp-block-paragraph\">Para atender la demanda de mobiliario, se\u00f1al\u00f3, dos f\u00e1bricas ubicadas en C\u00f3rdoba y Coatepec trabajan de manera permanente en la elaboraci\u00f3n de pupitres para las escuelas veracruzanas. El modelo tambi\u00e9n considera las necesidades planteadas por las comunidades escolares, con opciones de mobiliario individual y mesas para favorecer el trabajo colaborativo.<\/p>\n\n\n\n<p class=\"wp-block-paragraph\">\u201cHemos estado trabajando en las condiciones de las escuelas, pero tambi\u00e9n un tema que nos ocupa mucho es la matr\u00edcula, que cada d\u00eda aumente para que nadie se quede fuera\u201d.<\/p>\n\n\n\n<p class=\"wp-block-paragraph\">Como parte de la pol\u00edtica de ordenamiento escolar, la Gobernadora destac\u00f3 la regulaci\u00f3n de las cooperativas, cuyo objetivo es que los recursos que generan se destinen a las necesidades de los propios planteles.<\/p>\n\n\n\n<p class=\"wp-block-paragraph\">Explic\u00f3 que desde el a\u00f1o pasado se modific\u00f3 el reglamento para establecer que estos ingresos sean utilizados en gas, materiales de limpieza y otros requerimientos determinados por la comunidad escolar.<\/p>\n\n\n\n<p class=\"wp-block-paragraph\">La estrategia continuar\u00e1 este a\u00f1o para que este esquema opere en todos los planteles, con la participaci\u00f3n de directores, madres y padres de familia, \u201clas cooperativas deben estar al servicio de las escuelas, no convertirse en negocios particulares\u201d, enfatiz\u00f3.<\/p>\n\n\n\n<p class=\"wp-block-paragraph\">Tambi\u00e9n inform\u00f3 que este a\u00f1o inici\u00f3 la entrega de mochilas, cuadernos y \u00fatiles escolares para estudiantes de municipios con mayor vulnerabilidad, con acciones realizadas en las sierras de Huayacocotla, Zongolica y Soteapan.<\/p>\n\n\n\n<p class=\"wp-block-paragraph\">Dijo que la cobertura se ampliar\u00e1 progresivamente conforme lo permita el presupuesto estatal. En esta ocasi\u00f3n, estudiantes de la primaria Nicol\u00e1s Bravo recibieron mochilas, cuadernos y libros como parte del inicio del ciclo escolar.<\/p>\n\n\n\n<p class=\"wp-block-paragraph\">Por su parte, la secretaria de Educaci\u00f3n de Veracruz, Raquel Bonilla Herrera, inform\u00f3 que este lunes regresaron a las aulas m\u00e1s de 1.2 millones de estudiantes de educaci\u00f3n b\u00e1sica en los 212 municipios, atendidos por m\u00e1s de 91 mil maestras y maestros.<\/p>\n\n\n\n<p class=\"wp-block-paragraph\">Reconoci\u00f3 el compromiso del magisterio veracruzano y llam\u00f3 a madres y padres de familia a participar activamente en la formaci\u00f3n de sus hijas e hijos.<\/p>\n\n\n\n<p class=\"wp-block-paragraph\">Refrend\u00f3 que la Secretar\u00eda de Educaci\u00f3n de Veracruz trabaja para garantizar una educaci\u00f3n cercana, incluyente e integral, en coordinaci\u00f3n con la pol\u00edtica educativa de la presidenta de M\u00e9xico, Claudia Sheinbaum Pardo.<\/p>\n\n\n\n<p class=\"wp-block-paragraph\">Finalmente, la Gobernadora afirm\u00f3 que la educaci\u00f3n debe proporcionar las herramientas para que ni\u00f1as, ni\u00f1os y j\u00f3venes construyan libremente su proyecto de vida, \u201cest\u00e1n aqu\u00ed para estudiar, prepararse y de grandes ser lo que ustedes quieran ser\u201d, expres\u00f3.<\/p>\n\n\n\n<p class=\"wp-block-paragraph\">Asimismo, reconoci\u00f3 al magisterio como pieza fundamental de la transformaci\u00f3n educativa y reiter\u00f3 el compromiso de su administraci\u00f3n para atender los rezagos laborales del sector.<\/p>\n\n\n\n<p class=\"wp-block-paragraph\">A la ceremonia asistieron tambi\u00e9n el presidente municipal, Samuel Acosta Mart\u00ednez; los subsecretarios de Educaci\u00f3n B\u00e1sica y de Educaci\u00f3n Media Superior y Superior, Maritza Ram\u00edrez Aguilar y David Agust\u00edn Jim\u00e9nez Rojas, respectivamente; el oficial mayor de la SEV, Jos\u00e9 Ram\u00f3n Cardona Mendoza; as\u00ed como autoridades de la primaria Nicol\u00e1s Bravo, representantes de madres y padres de familia y estudiantes del plantel.<\/p>\n","protected":false},"excerpt":{"rendered":"<p>>1.2 millones de estudiantes y cerca de 91 mil maestras y maestros, de educaci\u00f3n b\u00e1sica. &gt;Transformaci\u00f3n de escuelas continuar\u00e1 todo el sexenio. Medell\u00edn, Ver., lunes 31 de agosto de 2026.- Con el regreso a clases de m\u00e1s de 2 millones de estudiantes de todos los niveles educativos, y alrededor de 150 mil maestras y maestros,&#8230;<\/p>\n","protected":false},"author":2,"featured_media":10412,"comment_status":"closed","ping_status":"closed","sticky":false,"template":"","format":"standard","meta":{"_jetpack_newsletter_access":"","_jetpack_dont_email_post_to_subs":false,"_jetpack_newsletter_tier_id":0,"_jetpack_memberships_contains_paywalled_content":false,"_jetpack_feature_clip_id":0,"_jetpack_memberships_contains_paid_content":false,"footnotes":"","jetpack_publicize_message":"","jetpack_publicize_feature_enabled":true,"jetpack_social_post_already_shared":true,"jetpack_social_options":{"image_generator_settings":{"template":"highway","default_image_id":0,"font":"","enabled":false},"version":2},"jetpack_post_was_ever_published":false},"categories":[23],"tags":[],"class_list":["post-10411","post","type-post","status-publish","format-standard","has-post-thumbnail","hentry","category-actividadesnahle"],"jetpack_publicize_connections":[],"jetpack_featured_media_url":"https:\/\/veracruzanosexcepcionahles.com\/wp-content\/uploads\/2026\/08\/WhatsApp-Image-2026-08-31-at-10.42.56-AM.jpeg","jetpack_sharing_enabled":true,"jetpack_likes_enabled":true,"jetpack_shortlink":"https:\/\/wp.me\/pe8dhK-2HV","_links":{"self":[{"href":"https:\/\/veracruzanosexcepcionahles.com\/index.php\/wp-json\/wp\/v2\/posts\/10411","targetHints":{"allow":["GET"]}}],"collection":[{"href":"https:\/\/veracruzanosexcepcionahles.com\/index.php\/wp-json\/wp\/v2\/posts"}],"about":[{"href":"https:\/\/veracruzanosexcepcionahles.com\/index.php\/wp-json\/wp\/v2\/types\/post"}],"author":[{"embeddable":true,"href":"https:\/\/veracruzanosexcepcionahles.com\/index.php\/wp-json\/wp\/v2\/users\/2"}],"replies":[{"embeddable":true,"href":"https:\/\/veracruzanosexcepcionahles.com\/index.php\/wp-json\/wp\/v2\/comments?post=10411"}],"version-history":[{"count":1,"href":"https:\/\/veracruzanosexcepcionahles.com\/index.php\/wp-json\/wp\/v2\/posts\/10411\/revisions"}],"predecessor-version":[{"id":10413,"href":"https:\/\/veracruzanosexcepcionahles.com\/index.php\/wp-json\/wp\/v2\/posts\/10411\/revisions\/10413"}],"wp:featuredmedia":[{"embeddable":true,"href":"https:\/\/veracruzanosexcepcionahles.com\/index.php\/wp-json\/wp\/v2\/media\/10412"}],"wp:attachment":[{"href":"https:\/\/veracruzanosexcepcionahles.com\/index.php\/wp-json\/wp\/v2\/media?parent=10411"}],"wp:term":[{"taxonomy":"category","embeddable":true,"href":"https:\/\/veracruzanosexcepcionahles.com\/index.php\/wp-json\/wp\/v2\/categories?post=10411"},{"taxonomy":"post_tag","embeddable":true,"href":"https:\/\/veracruzanosexcepcionahles.com\/index.php\/wp-json\/wp\/v2\/tags?post=10411"}],"curies":[{"name":"wp","href":"https:\/\/api.w.org\/{rel}","templated":true}]}}